{"id":27179,"date":"2025-05-06T10:36:18","date_gmt":"2025-05-06T10:36:18","guid":{"rendered":"https:\/\/haberbesiktas.tr\/?p=27179"},"modified":"2025-05-06T10:36:18","modified_gmt":"2025-05-06T10:36:18","slug":"trabzonda-penaltilar-varla-iptal","status":"publish","type":"post","link":"https:\/\/haberbesiktas.tr\/?p=27179","title":{"rendered":"Trabzon&#8217;da penalt\u0131lar VAR&#8217;la iptal!"},"content":{"rendered":"<div>S\u00fcper Lig&#8217;de Hatayspor ile kar\u015f\u0131 kar\u015f\u0131ya gelen Trabzonspor&#8217;da iki penalt\u0131 VAR incelemesi sonras\u0131 iptal edildi.<\/p>\n<p> M\u00fcsabakan\u0131n 27. dakikas\u0131nda Danylo Sikan&#8217;\u0131n \u015futunda top Kilama&#8217;dan d\u00f6nd\u00fc. Hakem Alper Akarsu, konumda elle oynama oldu\u011funu i\u015faret ederek penalt\u0131 noktas\u0131n\u0131 g\u00f6sterdi.<\/p>\n<p> Hakem Akarsu, VAR hakemi Sandi Putros&#8217;tan gelen ihtar\u0131n akabinde durumu ekranda izledi ve penalt\u0131 karar\u0131n\u0131 iptal etti.<\/p>\n<p><img decoding=\"async\" src=\"https:\/\/haberbesiktas.tr\/wp-content\/uploads\/2025\/05\/trabzonda-penaltilar-varla-iptal-0-wWx86eUz.jpg\"\/><\/p>\n<p> <strong>VAR&#8217;DAN TEKRAR \u0130PTAL!<\/strong><\/p>\n<p> M\u00fcsabakan\u0131n 49. dakikas\u0131nda ise Simon Banza&#8217;n\u0131n yerde kald\u0131\u011f\u0131 konum sonras\u0131 hakem Alper Akarsu bir sefer daha penalt\u0131 noktas\u0131n\u0131 g\u00f6sterdi.<\/p>\n<p> Hakem Akarsu, VAR&#8217;dan gelen ihtar sonras\u0131 konumu ekranda izledi ve penalt\u0131 karar\u0131n\u0131 bir kere daha iptal etti.<\/p>\n<p> Trabzonspor&#8217;da teknik heyet ve taraftarlar, bu kararlara b\u00fcy\u00fck reaksiyon g\u00f6sterdi.<\/p>\n<\/div>\n<p><\/p>\n","protected":false},"excerpt":{"rendered":"<p>Trabzonspor&#8217;un Hatayspor ma\u00e7\u0131nda kazand\u0131\u011f\u0131 iki penalt\u0131 VAR incelemesinin akabinde iptal edildi.<\/p>\n","protected":false},"author":1,"featured_media":27180,"comment_status":"open","ping_status":"open","sticky":false,"template":"","format":"standard","meta":{"footnotes":""},"categories":[25],"tags":[62,303],"class_list":["post-27179","post","type-post","status-publish","format-standard","has-post-thumbnail","hentry","category-futbol","tag-hakem","tag-penalti"],"_links":{"self":[{"href":"https:\/\/haberbesiktas.tr\/index.php?rest_route=\/wp\/v2\/posts\/27179","targetHints":{"allow":["GET"]}}],"collection":[{"href":"https:\/\/haberbesiktas.tr\/index.php?rest_route=\/wp\/v2\/posts"}],"about":[{"href":"https:\/\/haberbesiktas.tr\/index.php?rest_route=\/wp\/v2\/types\/post"}],"author":[{"embeddable":true,"href":"https:\/\/haberbesiktas.tr\/index.php?rest_route=\/wp\/v2\/users\/1"}],"replies":[{"embeddable":true,"href":"https:\/\/haberbesiktas.tr\/index.php?rest_route=%2Fwp%2Fv2%2Fcomments&post=27179"}],"version-history":[{"count":1,"href":"https:\/\/haberbesiktas.tr\/index.php?rest_route=\/wp\/v2\/posts\/27179\/revisions"}],"predecessor-version":[{"id":27182,"href":"https:\/\/haberbesiktas.tr\/index.php?rest_route=\/wp\/v2\/posts\/27179\/revisions\/27182"}],"wp:featuredmedia":[{"embeddable":true,"href":"https:\/\/haberbesiktas.tr\/index.php?rest_route=\/wp\/v2\/media\/27180"}],"wp:attachment":[{"href":"https:\/\/haberbesiktas.tr\/index.php?rest_route=%2Fwp%2Fv2%2Fmedia&parent=27179"}],"wp:term":[{"taxonomy":"category","embeddable":true,"href":"https:\/\/haberbesiktas.tr\/index.php?rest_route=%2Fwp%2Fv2%2Fcategories&post=27179"},{"taxonomy":"post_tag","embeddable":true,"href":"https:\/\/haberbesiktas.tr\/index.php?rest_route=%2Fwp%2Fv2%2Ftags&post=27179"}],"curies":[{"name":"wp","href":"https:\/\/api.w.org\/{rel}","templated":true}]}}