{"id":27264,"date":"2025-05-06T15:48:12","date_gmt":"2025-05-06T15:48:12","guid":{"rendered":"https:\/\/haberbesiktas.tr\/?p=27264"},"modified":"2025-05-06T15:48:12","modified_gmt":"2025-05-06T15:48:12","slug":"alperen-acet-avrupa-sampiyonasinda-7-oldu","status":"publish","type":"post","link":"https:\/\/haberbesiktas.tr\/?p=27264","title":{"rendered":"Alperen Acet Avrupa \u015eampiyonas\u0131&#8217;nda 7. oldu!"},"content":{"rendered":"<p>Avrupa Salon Atletizm \u015eampiyonas\u0131&#8217;nda erkekler y\u00fcksek atlama finalinde \u00e7aba eden ulusal sportmen Alperen Acet, 7. oldu.<\/p>\n<p> Hollanda&#8217;n\u0131n Apeldoorn kentindeki tertipte, 3. g\u00fcn ak\u015fam seans\u0131nda y\u00fcksek atlama finali yap\u0131ld\u0131.<\/p>\n<p> Finalde yar\u0131\u015fan ulusal atlet Alperen Acet, 2,17 metrelik derecesiyle 8 atlet ortas\u0131nda 7. s\u0131rada yer ald\u0131.<\/p>\n<p> Ukraynal\u0131 Oleh Doroshchuk, 2,34 metreyle alt\u0131n madalyan\u0131n sahibi olurken, \u00c7ek Jan Stefela g\u00fcm\u00fc\u015f, \u0130talyan Matteo Sioli ise bronz madalya kazand\u0131.<\/p>\n<p> T\u00fcrkiye, 10 Mart Pazar g\u00fcn\u00fc sona erecek tertibi madalyas\u0131z tamamlad\u0131.<\/p>\n","protected":false},"excerpt":{"rendered":"<p>Ulusal atlet Alperen Acet, y\u00fcksek atlama finalinde 7. s\u0131rada yer ald\u0131.<\/p>\n","protected":false},"author":1,"featured_media":27265,"comment_status":"open","ping_status":"open","sticky":false,"template":"","format":"standard","meta":{"footnotes":""},"categories":[27],"tags":[],"class_list":["post-27264","post","type-post","status-publish","format-standard","has-post-thumbnail","hentry","category-guncel-haberler"],"_links":{"self":[{"href":"https:\/\/haberbesiktas.tr\/index.php?rest_route=\/wp\/v2\/posts\/27264","targetHints":{"allow":["GET"]}}],"collection":[{"href":"https:\/\/haberbesiktas.tr\/index.php?rest_route=\/wp\/v2\/posts"}],"about":[{"href":"https:\/\/haberbesiktas.tr\/index.php?rest_route=\/wp\/v2\/types\/post"}],"author":[{"embeddable":true,"href":"https:\/\/haberbesiktas.tr\/index.php?rest_route=\/wp\/v2\/users\/1"}],"replies":[{"embeddable":true,"href":"https:\/\/haberbesiktas.tr\/index.php?rest_route=%2Fwp%2Fv2%2Fcomments&post=27264"}],"version-history":[{"count":1,"href":"https:\/\/haberbesiktas.tr\/index.php?rest_route=\/wp\/v2\/posts\/27264\/revisions"}],"predecessor-version":[{"id":27266,"href":"https:\/\/haberbesiktas.tr\/index.php?rest_route=\/wp\/v2\/posts\/27264\/revisions\/27266"}],"wp:featuredmedia":[{"embeddable":true,"href":"https:\/\/haberbesiktas.tr\/index.php?rest_route=\/wp\/v2\/media\/27265"}],"wp:attachment":[{"href":"https:\/\/haberbesiktas.tr\/index.php?rest_route=%2Fwp%2Fv2%2Fmedia&parent=27264"}],"wp:term":[{"taxonomy":"category","embeddable":true,"href":"https:\/\/haberbesiktas.tr\/index.php?rest_route=%2Fwp%2Fv2%2Fcategories&post=27264"},{"taxonomy":"post_tag","embeddable":true,"href":"https:\/\/haberbesiktas.tr\/index.php?rest_route=%2Fwp%2Fv2%2Ftags&post=27264"}],"curies":[{"name":"wp","href":"https:\/\/api.w.org\/{rel}","templated":true}]}}