{"id":27270,"date":"2025-05-06T16:12:11","date_gmt":"2025-05-06T16:12:11","guid":{"rendered":"https:\/\/haberbesiktas.tr\/?p=27270"},"modified":"2025-05-06T16:12:11","modified_gmt":"2025-05-06T16:12:11","slug":"milli-guresci-abdullah-toprak-avrupa-sampiyonasinda-finalde","status":"publish","type":"post","link":"https:\/\/haberbesiktas.tr\/?p=27270","title":{"rendered":"Milli g\u00fcre\u015f\u00e7i Abdullah Toprak, Avrupa \u015eampiyonas\u0131&#8217;nda finalde!"},"content":{"rendered":"<p>Arnavutluk&#8217;ta d\u00fczenlenen 23 Ya\u015f Alt\u0131 Avrupa G\u00fcre\u015f \u015eampiyonas\u0131&#8217;nda ulusal sportmen Abdullah Toprak, ismini finale yazd\u0131rd\u0131.<\/p>\n<p> Ba\u015f\u015fehir Tiran&#8217;daki tertip, erkekler h\u00fcr tarz 57, 65, 70, 79 ve 97 kilolarda yap\u0131lan kar\u015f\u0131la\u015fmalarla ba\u015flad\u0131.<\/p>\n<p> \u015eampiyonan\u0131n birinci g\u00fcn\u00fcnde mindere \u00e7\u0131kan 5 ulusal g\u00fcre\u015f\u00e7inin tamam\u0131 yar\u0131 finalde gayret etme ba\u015far\u0131s\u0131 g\u00f6sterdi.<\/p>\n<p> T\u00fcrkiye&#8217;yi 65 kiloda temsil eden Abdullah Toprak, yar\u0131 finalde Khamzat Timourovitch Arsamerzouev&#8217;i (Fransa) 7-4 yenerek finale y\u00fckseldi.\u00a0<\/p>\n<p> Abdullah, 9 Mart Pazar g\u00fcn\u00fc finalde ba\u011f\u0131ms\u0131z atlet Amal Dzhandubaev ile kar\u015f\u0131la\u015facak.\u00a0<\/p>\n<p> Yar\u0131 final ma\u00e7lar\u0131nda rakiplerine yenilen Bekir Keser (57 kilo), Umut Erdo\u011fan (70 kilo), \u0130brahim Metehan Yaprak (79 kilo) ve Resul G\u00fcne (97 kilo), yar\u0131n bronz madalya i\u00e7in mindere gelecek.<\/p>\n","protected":false},"excerpt":{"rendered":"<p>Ulusal atlet Abdullah Toprak, h\u00fcr tarz 65 kiloda finale y\u00fckseldi.<\/p>\n","protected":false},"author":1,"featured_media":27271,"comment_status":"open","ping_status":"open","sticky":false,"template":"","format":"standard","meta":{"footnotes":""},"categories":[27],"tags":[235],"class_list":["post-27270","post","type-post","status-publish","format-standard","has-post-thumbnail","hentry","category-guncel-haberler","tag-final"],"_links":{"self":[{"href":"https:\/\/haberbesiktas.tr\/index.php?rest_route=\/wp\/v2\/posts\/27270","targetHints":{"allow":["GET"]}}],"collection":[{"href":"https:\/\/haberbesiktas.tr\/index.php?rest_route=\/wp\/v2\/posts"}],"about":[{"href":"https:\/\/haberbesiktas.tr\/index.php?rest_route=\/wp\/v2\/types\/post"}],"author":[{"embeddable":true,"href":"https:\/\/haberbesiktas.tr\/index.php?rest_route=\/wp\/v2\/users\/1"}],"replies":[{"embeddable":true,"href":"https:\/\/haberbesiktas.tr\/index.php?rest_route=%2Fwp%2Fv2%2Fcomments&post=27270"}],"version-history":[{"count":1,"href":"https:\/\/haberbesiktas.tr\/index.php?rest_route=\/wp\/v2\/posts\/27270\/revisions"}],"predecessor-version":[{"id":27272,"href":"https:\/\/haberbesiktas.tr\/index.php?rest_route=\/wp\/v2\/posts\/27270\/revisions\/27272"}],"wp:featuredmedia":[{"embeddable":true,"href":"https:\/\/haberbesiktas.tr\/index.php?rest_route=\/wp\/v2\/media\/27271"}],"wp:attachment":[{"href":"https:\/\/haberbesiktas.tr\/index.php?rest_route=%2Fwp%2Fv2%2Fmedia&parent=27270"}],"wp:term":[{"taxonomy":"category","embeddable":true,"href":"https:\/\/haberbesiktas.tr\/index.php?rest_route=%2Fwp%2Fv2%2Fcategories&post=27270"},{"taxonomy":"post_tag","embeddable":true,"href":"https:\/\/haberbesiktas.tr\/index.php?rest_route=%2Fwp%2Fv2%2Ftags&post=27270"}],"curies":[{"name":"wp","href":"https:\/\/api.w.org\/{rel}","templated":true}]}}