{"id":27315,"date":"2025-05-06T19:12:18","date_gmt":"2025-05-06T19:12:18","guid":{"rendered":"https:\/\/haberbesiktas.tr\/?p=27315"},"modified":"2025-05-06T19:12:18","modified_gmt":"2025-05-06T19:12:18","slug":"fenerbahcede-sofyan-amrabat-sikintisi","status":"publish","type":"post","link":"https:\/\/haberbesiktas.tr\/?p=27315","title":{"rendered":"Fenerbah\u00e7e&#8217;de Sofyan Amrabat s\u0131k\u0131nt\u0131s\u0131!"},"content":{"rendered":"<div>Fenerbah\u00e7e&#8217;nin d\u00f6nem ba\u015f\u0131nda \u0130talyan Ligi tak\u0131mlar\u0131ndan Fiorentina&#8217;dan kiral\u0131k olarak tak\u0131m\u0131na katt\u0131\u011f\u0131 Sofyan Amrabat ile ilgili de\u011ferli geli\u015fmeler ya\u015fan\u0131yor.<\/p>\n<p> Sar\u0131-Lacivertliler&#8217;e b\u00fcy\u00fck umutlarla transfer olan lakin beklenen patlamay\u0131 bir t\u00fcrl\u00fc ger\u00e7ekle\u015ftiremeyen Fasl\u0131 y\u0131ld\u0131z\u0131n zarur\u00ee sat\u0131n alma opsiyonunun oldu\u011fu arg\u00fcman edildi.<\/p>\n<p> Fenerbah\u00e7e \u0130daresi&#8217;nin Amrabat&#8217;\u0131n performans\u0131 sonras\u0131 \u0130talyan kul\u00fcb\u00fcyle irtibata ge\u00e7ti\u011fi ve 12 milyon Euro&#8217;luk mecbur\u00ee sat\u0131n alma opsiyonunun indirilmesini istedi\u011fi \u00f6ne s\u00fcr\u00fcld\u00fc.<\/p>\n<p> Fiorentina \u0130daresi&#8217;nin ise bu teklifi kabul etmedi\u011fi belirtildi. Fenerbah\u00e7e&#8217;nin 10 milyon Euro&#8217;nun alt\u0131nda bir say\u0131yla \u0130talyanlar&#8217;\u0131n kap\u0131s\u0131n\u0131 \u00e7ald\u0131\u011f\u0131 gelen haberler ortas\u0131nda. Fenerbah\u00e7e \u0130daresi&#8217;nin \u00f6n\u00fcm\u00fczdeki g\u00fcnlerde bir defa daha Fiorentina ile irtibata ge\u00e7mesi bekleniyor. Bilindi\u011fi \u00fczere Sar\u0131-Lacivertliler, Fiorentina&#8217;ya 2 milyon Euro kiralama bedeli \u00f6demi\u015fti.<\/p>\n<p> <strong>53 M\u0130LYON EURO \u00d6DEND\u0130<br \/><\/strong><br \/>Fenerbah\u00e7e&#8217;nin y\u0131ld\u0131z futbolcusu Sofyan Amrabat i\u00e7in \u015fimdiye kadar 53.6 milyon Euro bonservis bedeli \u00f6dendi. Fiorentina onun i\u00e7in 19.5 milyon Euro \u00f6demi\u015fti.\u00a0\u00a0<\/p>\n<div>\u00a0<\/div>\n<\/div>\n<p><\/p>\n","protected":false},"excerpt":{"rendered":"<p>Fenerbah\u00e7e&#8217;nin Fiorentina ile Sofyan Amrabat i\u00e7in pazarl\u0131klara ba\u015flad\u0131\u011f\u0131 lakin birinci g\u00f6r\u00fc\u015fmede olumsuz kar\u015f\u0131l\u0131k ald\u0131\u011f\u0131 belirtildi. Buna kar\u015f\u0131n iki kul\u00fcb\u00fcn bir kere daha bir ortaya gelmesi bekleniyor.<\/p>\n","protected":false},"author":1,"featured_media":27316,"comment_status":"open","ping_status":"open","sticky":false,"template":"","format":"standard","meta":{"footnotes":""},"categories":[25],"tags":[115,699,131],"class_list":["post-27315","post","type-post","status-publish","format-standard","has-post-thumbnail","hentry","category-futbol","tag-fenerbahce","tag-fiorentina","tag-milyon-euro"],"_links":{"self":[{"href":"https:\/\/haberbesiktas.tr\/index.php?rest_route=\/wp\/v2\/posts\/27315","targetHints":{"allow":["GET"]}}],"collection":[{"href":"https:\/\/haberbesiktas.tr\/index.php?rest_route=\/wp\/v2\/posts"}],"about":[{"href":"https:\/\/haberbesiktas.tr\/index.php?rest_route=\/wp\/v2\/types\/post"}],"author":[{"embeddable":true,"href":"https:\/\/haberbesiktas.tr\/index.php?rest_route=\/wp\/v2\/users\/1"}],"replies":[{"embeddable":true,"href":"https:\/\/haberbesiktas.tr\/index.php?rest_route=%2Fwp%2Fv2%2Fcomments&post=27315"}],"version-history":[{"count":1,"href":"https:\/\/haberbesiktas.tr\/index.php?rest_route=\/wp\/v2\/posts\/27315\/revisions"}],"predecessor-version":[{"id":27317,"href":"https:\/\/haberbesiktas.tr\/index.php?rest_route=\/wp\/v2\/posts\/27315\/revisions\/27317"}],"wp:featuredmedia":[{"embeddable":true,"href":"https:\/\/haberbesiktas.tr\/index.php?rest_route=\/wp\/v2\/media\/27316"}],"wp:attachment":[{"href":"https:\/\/haberbesiktas.tr\/index.php?rest_route=%2Fwp%2Fv2%2Fmedia&parent=27315"}],"wp:term":[{"taxonomy":"category","embeddable":true,"href":"https:\/\/haberbesiktas.tr\/index.php?rest_route=%2Fwp%2Fv2%2Fcategories&post=27315"},{"taxonomy":"post_tag","embeddable":true,"href":"https:\/\/haberbesiktas.tr\/index.php?rest_route=%2Fwp%2Fv2%2Ftags&post=27315"}],"curies":[{"name":"wp","href":"https:\/\/api.w.org\/{rel}","templated":true}]}}