{"id":27324,"date":"2025-05-06T19:48:17","date_gmt":"2025-05-06T19:48:17","guid":{"rendered":"https:\/\/haberbesiktas.tr\/?p=27324"},"modified":"2025-05-06T19:48:17","modified_gmt":"2025-05-06T19:48:17","slug":"uefadan-slavko-vincice-sampiyonlar-ligi-maci","status":"publish","type":"post","link":"https:\/\/haberbesiktas.tr\/?p=27324","title":{"rendered":"UEFA&#8217;dan Slavko Vincic&#8217;e \u015eampiyonlar Ligi ma\u00e7\u0131"},"content":{"rendered":"<div>S\u00fcper Lig&#8217;de Galatasaray ile Fenerbah\u00e7e ortas\u0131nda oynanan derbiyi y\u00f6neten hakem Slavko Vincic&#8217;e UEFA k\u0131ymetli bir misyon verdi.<\/p>\n<p> Derbinin akabinde Galatasaray&#8217;\u0131n reaksiyon g\u00f6sterdi\u011fi, Fenerbah\u00e7e&#8217;nin be\u011fendi\u011fi ve Be\u015fikta\u015f ile Trabzonspor&#8217;un derbilerine istedi\u011fi Slovenyal\u0131 hakem Vincic, hafta i\u00e7i \u015eampiyonlar Ligi&#8217;nde vazife alacak.<\/p>\n<p> UEFA, Slavko Vincic&#8217;in iki Alman grubu Leverkusen ile Bayern M\u00fcnih ortas\u0131nda oynanacak \u015eampiyonlar Ligi Son 16 \u00c7e\u015fidi r\u00f6van\u015f ma\u00e7\u0131nda misyon yapaca\u011f\u0131n\u0131 duyurdu.<\/p>\n<p> Birinci ma\u00e7\u0131 alan\u0131nda 3-0 kazanan Bayern M\u00fcnih, 11 Mart Sal\u0131 g\u00fcn\u00fc TS\u0130 23:00&#8217;te Leverkusen ile deplasmanda kar\u015f\u0131la\u015facak.<\/p>\n<p> <strong>Slavko Vincic&#8217;in bu d\u00f6nem \u00fclkesi d\u0131\u015f\u0131nda y\u00f6netti\u011fi ma\u00e7lar<\/strong><\/p>\n<p> <strong>S\u00fcper Lig<\/strong><br \/>Galatasaray 0-0 Fenerbah\u00e7e<\/p>\n<p> <strong>\u015eampiyonlar Ligi<\/strong><br \/>Arsenal 2-0 PSG<br \/>Barcelona 4-1 Bayern M\u00fcnih<br \/>Real Madrid 1-3 Milan<br \/>Leverkusen 1-0 Inter<br \/>Monaco 1-0 Aston Villa<br \/>Lille 6-1 Feyenoord<br \/>Slavia Prag 2-1 Lille<br \/>PSV Eindhoven 3-1 Juventus<\/p>\n<p> <strong>Uluslar Ligi<\/strong><br \/>Almanya 1-0 Hollanda<br \/>\u0130talya 1-3 Fransa<\/p>\n<p> <strong>Yunanistan Muhte\u015fem Ligi<\/strong><br \/>PAOK 0-0 Panathinaikos<br \/>Olympiakos 1-1 Panathinaikos<\/p>\n<p> <strong>Suudi Pro Lig<\/strong><br \/>Al Ahli 1-2 Al Halila<\/p>\n<p> <strong>BAE Pro Lig<\/strong><br \/>Shabab Al-Ahli 3-0 Al-Wasl<\/p>\n<\/div>\n<p><\/p>\n","protected":false},"excerpt":{"rendered":"<p>UEFA, derbinin hakemi Slavko Vincic&#8217;e \u015eampiyonlar Ligi&#8217;nde vazife verdi.<\/p>\n","protected":false},"author":1,"featured_media":27325,"comment_status":"open","ping_status":"open","sticky":false,"template":"","format":"standard","meta":{"footnotes":""},"categories":[25],"tags":[464],"class_list":["post-27324","post","type-post","status-publish","format-standard","has-post-thumbnail","hentry","category-futbol","tag-ligi"],"_links":{"self":[{"href":"https:\/\/haberbesiktas.tr\/index.php?rest_route=\/wp\/v2\/posts\/27324","targetHints":{"allow":["GET"]}}],"collection":[{"href":"https:\/\/haberbesiktas.tr\/index.php?rest_route=\/wp\/v2\/posts"}],"about":[{"href":"https:\/\/haberbesiktas.tr\/index.php?rest_route=\/wp\/v2\/types\/post"}],"author":[{"embeddable":true,"href":"https:\/\/haberbesiktas.tr\/index.php?rest_route=\/wp\/v2\/users\/1"}],"replies":[{"embeddable":true,"href":"https:\/\/haberbesiktas.tr\/index.php?rest_route=%2Fwp%2Fv2%2Fcomments&post=27324"}],"version-history":[{"count":1,"href":"https:\/\/haberbesiktas.tr\/index.php?rest_route=\/wp\/v2\/posts\/27324\/revisions"}],"predecessor-version":[{"id":27326,"href":"https:\/\/haberbesiktas.tr\/index.php?rest_route=\/wp\/v2\/posts\/27324\/revisions\/27326"}],"wp:featuredmedia":[{"embeddable":true,"href":"https:\/\/haberbesiktas.tr\/index.php?rest_route=\/wp\/v2\/media\/27325"}],"wp:attachment":[{"href":"https:\/\/haberbesiktas.tr\/index.php?rest_route=%2Fwp%2Fv2%2Fmedia&parent=27324"}],"wp:term":[{"taxonomy":"category","embeddable":true,"href":"https:\/\/haberbesiktas.tr\/index.php?rest_route=%2Fwp%2Fv2%2Fcategories&post=27324"},{"taxonomy":"post_tag","embeddable":true,"href":"https:\/\/haberbesiktas.tr\/index.php?rest_route=%2Fwp%2Fv2%2Ftags&post=27324"}],"curies":[{"name":"wp","href":"https:\/\/api.w.org\/{rel}","templated":true}]}}