{"id":27327,"date":"2025-05-06T20:00:14","date_gmt":"2025-05-06T20:00:14","guid":{"rendered":"https:\/\/haberbesiktas.tr\/?p=27327"},"modified":"2025-05-06T20:00:14","modified_gmt":"2025-05-06T20:00:14","slug":"galatasarayin-inaki-pena-teklifi-belli-oldu","status":"publish","type":"post","link":"https:\/\/haberbesiktas.tr\/?p=27327","title":{"rendered":"Galatasaray&#8217;\u0131n Inaki Pena teklifi belli oldu"},"content":{"rendered":"<div>Galatasaray&#8217;da Fernando Muslera ile d\u00f6nem sonunda yollar\u0131n ayr\u0131lmas\u0131 beklenirken, yeni kaleci aray\u0131\u015flar\u0131 da ba\u015flad\u0131.<\/p>\n<p> Bu do\u011frultuda Galatasaray&#8217;da ge\u00e7ti\u011fimiz g\u00fcnlerde Barcelona formas\u0131 giyen Inaki Pena&#8217;n\u0131n ismi g\u00fcndeme gelmi\u015fti.<\/p>\n<p><strong>G.SARAY&#8217;DAN 10 M\u0130LYON EURO<\/strong><\/p>\n<p> \u0130spanyol bas\u0131n\u0131nda El Nacional&#8217;in haberine nazaran;<strong> Galatasaray, eski kalecisi Inaki Pena i\u00e7in Barcelona&#8217;ya 10 milyon euro bonservis \u00f6demeyi teklif etti.<\/strong><\/p>\n<p> <strong>HANSI FLICK&#8217;TEN AYRILI\u011eA YE\u015e\u0130L I\u015eIK<\/strong><\/p>\n<p> Habere nazaran; G\u00fczelle\u015fme s\u00fcrecinde olan Ter Stegen&#8217;in yoklu\u011funda kaleyi Szczesny&#8217;e emanet eden teknik y\u00f6netici Hansi Flick, 3. kaleci olarak g\u00f6rd\u00fc\u011f\u00fc Pena&#8217;n\u0131n ayr\u0131l\u0131\u011f\u0131na ye\u015fil \u0131\u015f\u0131k yakt\u0131.<\/p>\n<p> Sportif Y\u00f6netici Deco&#8217;nun masadaki se\u00e7enekleri de\u011ferlendirmeye ba\u015flad\u0131\u011f\u0131 belirtilirken, 1.5 y\u0131l kontrat\u0131 kalan Pena&#8217;n\u0131n Barcelona&#8217;daki gelece\u011finin yak\u0131n vakitte sona erecek \u00fczere g\u00f6r\u00fcnd\u00fc\u011f\u00fc kaydedildi.<\/p>\n<p> <strong>GALATASARAY PERFORMANSI<\/strong><\/p>\n<p> Inaki Pena, daha evvel 2021-2022 d\u00f6nemin ikinci yar\u0131s\u0131nda Galatasaray&#8217;da kiral\u0131k olarak forma giymi\u015f ve sar\u0131-k\u0131rm\u0131z\u0131l\u0131lar\u0131n kalesini 8 ma\u00e7ta korumu\u015ftu.<\/p>\n<p> <strong>BU SEZONK\u0130 PERFORMANSI<\/strong><\/p>\n<p> Bu d\u00f6nem Barcelona formas\u0131yla t\u00fcm kulvarlarda 22 ma\u00e7a \u00e7\u0131kan Pena, 6 ma\u00e7ta kalesini gole kapat\u0131rken, toplamda 25 gol yedi.\u00a0<\/p>\n<\/div>\n<p><\/p>\n","protected":false},"excerpt":{"rendered":"<p>Fernando Muslera ile d\u00f6nem sonunda yollar\u0131 ay\u0131rmay\u0131 planlayan Galatasaray&#8217;\u0131n, eski file bek\u00e7isi Inaki Pena i\u00e7in Barcelona&#8217;ya yapt\u0131\u011f\u0131 teklif belirli oldu.<\/p>\n","protected":false},"author":1,"featured_media":27328,"comment_status":"open","ping_status":"open","sticky":false,"template":"","format":"standard","meta":{"footnotes":""},"categories":[25],"tags":[129,2340],"class_list":["post-27327","post","type-post","status-publish","format-standard","has-post-thumbnail","hentry","category-futbol","tag-galatasaray","tag-pena"],"_links":{"self":[{"href":"https:\/\/haberbesiktas.tr\/index.php?rest_route=\/wp\/v2\/posts\/27327","targetHints":{"allow":["GET"]}}],"collection":[{"href":"https:\/\/haberbesiktas.tr\/index.php?rest_route=\/wp\/v2\/posts"}],"about":[{"href":"https:\/\/haberbesiktas.tr\/index.php?rest_route=\/wp\/v2\/types\/post"}],"author":[{"embeddable":true,"href":"https:\/\/haberbesiktas.tr\/index.php?rest_route=\/wp\/v2\/users\/1"}],"replies":[{"embeddable":true,"href":"https:\/\/haberbesiktas.tr\/index.php?rest_route=%2Fwp%2Fv2%2Fcomments&post=27327"}],"version-history":[{"count":1,"href":"https:\/\/haberbesiktas.tr\/index.php?rest_route=\/wp\/v2\/posts\/27327\/revisions"}],"predecessor-version":[{"id":27329,"href":"https:\/\/haberbesiktas.tr\/index.php?rest_route=\/wp\/v2\/posts\/27327\/revisions\/27329"}],"wp:featuredmedia":[{"embeddable":true,"href":"https:\/\/haberbesiktas.tr\/index.php?rest_route=\/wp\/v2\/media\/27328"}],"wp:attachment":[{"href":"https:\/\/haberbesiktas.tr\/index.php?rest_route=%2Fwp%2Fv2%2Fmedia&parent=27327"}],"wp:term":[{"taxonomy":"category","embeddable":true,"href":"https:\/\/haberbesiktas.tr\/index.php?rest_route=%2Fwp%2Fv2%2Fcategories&post=27327"},{"taxonomy":"post_tag","embeddable":true,"href":"https:\/\/haberbesiktas.tr\/index.php?rest_route=%2Fwp%2Fv2%2Ftags&post=27327"}],"curies":[{"name":"wp","href":"https:\/\/api.w.org\/{rel}","templated":true}]}}