{"id":27339,"date":"2025-05-06T20:48:13","date_gmt":"2025-05-06T20:48:13","guid":{"rendered":"https:\/\/haberbesiktas.tr\/?p=27339"},"modified":"2025-05-06T20:48:13","modified_gmt":"2025-05-06T20:48:13","slug":"besiktas-dortmundun-izledigi-10-numarayi-kapti","status":"publish","type":"post","link":"https:\/\/haberbesiktas.tr\/?p=27339","title":{"rendered":"Be\u015fikta\u015f Dortmund&#8217;un izledi\u011fi 10 numaray\u0131 kapt\u0131!"},"content":{"rendered":"<div>\n<p>Be\u015fikta\u015f, yaz transfer \u00e7al\u0131\u015fmalar\u0131n\u0131 s\u00fcratle s\u00fcrd\u00fcr\u00fcyor. Siyah-Beyazl\u0131 idare, gen\u00e7 bir gurbet\u00e7i ile prensip muahedesine vard\u0131.<\/p>\n<p> Sabah&#8217;\u0131n haberine nazaran; Be\u015fikta\u015f Scout \u015eefi Eduard Graf, Bundesliga 2&#8217;de Hoffenheim formas\u0131 giyen gen\u00e7 futbolcu Muhammed Damar&#8217;\u0131 Be\u015fikta\u015f&#8217;a \u00f6nerdi\u011fi kaydedildi.\u00a0<\/p>\n<p> <strong>ANLA\u015eMA SA\u011eLANDI\u00a0<\/strong><\/p>\n<p> Eduard Graf&#8217;\u0131n Be\u015fikta\u015f&#8217;ta vazifeye ba\u015flamadan evvel Muhammed Damar&#8217;\u0131 transfer i\u00e7in ikna etti\u011fi aktar\u0131ld\u0131. Gen\u00e7 futbolcunun bonservisini elinde bulunduran Hoffenheim ile de mutabakat sa\u011fland\u0131\u011f\u0131 belirtildi.<\/p>\n<p> <strong>BORUSSIA DORTMUND \u0130ZLEM\u0130\u015eT\u0130<\/strong><\/p>\n<p> Eduard Graf&#8217;\u0131n Muhammed Damar&#8217;\u0131 uzun m\u00fcddettir Borussia Dortmund i\u00e7in izledi\u011fi kaydedildi. Be\u015fikta\u015f Ba\u015fkan\u0131 Serdal Adal\u0131&#8217;n\u0131n gen\u00e7 futbolcu i\u00e7in Hoffenheim ile prensip mutabakat\u0131na vard\u0131\u011f\u0131 aktar\u0131ld\u0131. Transferin yaln\u0131zca imzaya kald\u0131\u011f\u0131 vurguland\u0131.<\/p>\n<p> <strong>S\u00d6ZLE\u015eMES\u0130 DEVAM ED\u0130YOR<\/strong><\/p>\n<p> Muhammed Damar&#8217;\u0131n Hoffenheim ile olan mukavelesi 30 Haziran 2026&#8217;da sona erecek. 20 ya\u015f\u0131ndaki on numaran\u0131n \u015fimdiki piyasa k\u0131ymeti 1 milyon 500 bin Euro.<\/p>\n<p> <strong>TFF MUHAMMED DAMAR \u0130\u00c7\u0130N HAREKETE GE\u00c7T\u0130<\/strong><\/p>\n<p> \u00d6te yandan, T\u00fcrkiye Futbol Federasyonu&#8217;nun da, Almanya U20 ulusal futbolcusu Muhammed Damar&#8217;a A Ulusal Grup formas\u0131n\u0131 giydirmek i\u00e7in harekete ge\u00e7ti\u011fi tez edildi.\u00a0<\/p>\n<p> Alman bas\u0131n\u0131nda yer alan bilgilere nazaran; TFF, yarat\u0131c\u0131 orta saha oyuncusunu tak\u0131m\u0131na katmak i\u00e7in te\u015febb\u00fcslerde bulunuyor. Damar, Almanya vatanda\u015fl\u0131\u011f\u0131n\u0131n yan\u0131 s\u0131ra T\u00fcrk vatanda\u015fl\u0131\u011f\u0131na da sahip, lakin U18 Ulusal Grubu&#8217;ndan bu yana Almanya Futbol Federasyonu (DFB) i\u00e7in forma giyiyor.<\/p>\n<p> <strong>PERFORMANSI<\/strong><\/p>\n<p> 20 ya\u015f\u0131ndaki on numara, bu d\u00f6nem kiral\u0131k olarak forma giydi\u011fi Elversberg&#8217;de 24 ma\u00e7a \u00e7\u0131kt\u0131. Muhammed Damar, bu kar\u015f\u0131la\u015fmalarda 7 gol att\u0131 ve 5 asist \u00fcretti.\u00a0<\/p>\n<\/div>\n<p><\/p>\n","protected":false},"excerpt":{"rendered":"<p>Be\u015fikta\u015f&#8217;\u0131n Hoffenheim formas\u0131 giyen gen\u00e7 futbolcu Muhammed Damar i\u00e7in prensipte mutabakat sa\u011flad\u0131\u011f\u0131 sav edildi.<\/p>\n","protected":false},"author":1,"featured_media":0,"comment_status":"open","ping_status":"open","sticky":false,"template":"","format":"standard","meta":{"footnotes":""},"categories":[25],"tags":[71,172,2386],"class_list":["post-27339","post","type-post","status-publish","format-standard","hentry","category-futbol","tag-besiktas","tag-futbol","tag-muhammed-damar"],"_links":{"self":[{"href":"https:\/\/haberbesiktas.tr\/index.php?rest_route=\/wp\/v2\/posts\/27339","targetHints":{"allow":["GET"]}}],"collection":[{"href":"https:\/\/haberbesiktas.tr\/index.php?rest_route=\/wp\/v2\/posts"}],"about":[{"href":"https:\/\/haberbesiktas.tr\/index.php?rest_route=\/wp\/v2\/types\/post"}],"author":[{"embeddable":true,"href":"https:\/\/haberbesiktas.tr\/index.php?rest_route=\/wp\/v2\/users\/1"}],"replies":[{"embeddable":true,"href":"https:\/\/haberbesiktas.tr\/index.php?rest_route=%2Fwp%2Fv2%2Fcomments&post=27339"}],"version-history":[{"count":1,"href":"https:\/\/haberbesiktas.tr\/index.php?rest_route=\/wp\/v2\/posts\/27339\/revisions"}],"predecessor-version":[{"id":27340,"href":"https:\/\/haberbesiktas.tr\/index.php?rest_route=\/wp\/v2\/posts\/27339\/revisions\/27340"}],"wp:attachment":[{"href":"https:\/\/haberbesiktas.tr\/index.php?rest_route=%2Fwp%2Fv2%2Fmedia&parent=27339"}],"wp:term":[{"taxonomy":"category","embeddable":true,"href":"https:\/\/haberbesiktas.tr\/index.php?rest_route=%2Fwp%2Fv2%2Fcategories&post=27339"},{"taxonomy":"post_tag","embeddable":true,"href":"https:\/\/haberbesiktas.tr\/index.php?rest_route=%2Fwp%2Fv2%2Ftags&post=27339"}],"curies":[{"name":"wp","href":"https:\/\/api.w.org\/{rel}","templated":true}]}}