{"id":27341,"date":"2025-05-06T21:00:13","date_gmt":"2025-05-06T21:00:13","guid":{"rendered":"https:\/\/haberbesiktas.tr\/?p=27341"},"modified":"2025-05-06T21:00:13","modified_gmt":"2025-05-06T21:00:13","slug":"kurekte-fenerbahce-birinci-galatasaray-ikinci","status":"publish","type":"post","link":"https:\/\/haberbesiktas.tr\/?p=27341","title":{"rendered":"K\u00fcrekte Fenerbah\u00e7e birinci, Galatasaray ikinci"},"content":{"rendered":"<p>Meri\u00e7 Irma\u011f\u0131&#8217;nda d\u00fczenlenen T\u00fcrkiye K\u00fcrek \u015eampiyonas\u0131, bug\u00fcn yap\u0131lan yar\u0131\u015flarla tamamland\u0131.<\/p>\n<p> T\u00fcrkiye K\u00fcrek Federasyonu taraf\u0131ndan organize edilen \u015fampiyonada, 11 kul\u00fcpten 125 atlet 2 bin metrelik parkurda u\u011fra\u015f etti. \u00dc\u00e7 g\u00fcn s\u00fcren tertip, erkekler d\u00fcmencili 8 \u00e7ift yar\u0131\u015f\u0131yla sona erdi. Bu yar\u0131\u015fta Fenerbah\u00e7e birinci olurken, Galatasaray ikinci, Bo\u011fazi\u00e7i \u00dcniversitesi ise \u00fc\u00e7\u00fcnc\u00fc s\u0131rada yer ald\u0131.<\/p>\n<p> \u015eampiyonada Fenerbah\u00e7e, erkekler ve bayanlar kategorisinde grup halinde birinci oldu, Galatasaray ise ikinci s\u0131rada yer ald\u0131.<\/p>\n<p> <strong>&#8211; \u00d6d\u00fcl merasimi d\u00fczenlendi<\/strong><\/p>\n<p> Tertipte dereceye giren kul\u00fcp temsilcilerine kupalar\u0131, Edirne Valisi Yunus Sezer ve K\u00fcrek Federasyonu Ba\u015fkan\u0131 Erhan Ert\u00fcrk taraf\u0131ndan takdim edildi.<\/p>\n<p> Vali Sezer, yapt\u0131\u011f\u0131 konu\u015fmada, &#8220;Edirne&#8217;de &#8216;Balkanlar\u0131n Bo\u011faz\u0131&#8217; olarak tan\u0131mlanan Meri\u00e7 Irma\u011f\u0131&#8217;nda ola\u011fan\u00fcst\u00fc bir \u015fampiyonaya konut sahipli\u011fi yapt\u0131k. Eme\u011fi ge\u00e7en herkese te\u015fekk\u00fcr ediyor, birincileri ve t\u00fcm i\u015ftirak\u00e7ileri tebrik ediyorum. Bu t\u0131p tertiplerin artmas\u0131n\u0131 diliyorum.&#8221; tabirlerini kulland\u0131.<\/p>\n<p> <img decoding=\"async\" src=\"https:\/\/haberbesiktas.tr\/wp-content\/uploads\/2025\/05\/kurekte-fenerbahce-birinci-galatasaray-ikinci-0-NPXKgmzA.jpg\"\/><\/p>\n","protected":false},"excerpt":{"rendered":"<p>T\u00fcrkiye K\u00fcrek \u015eampiyonas\u0131&#8217;nda Fenerbah\u00e7e, erkekler ve bayanlar kategorisinde grup halinde birinci oldu, Galatasaray ise ikinci s\u0131rada yer ald\u0131.<\/p>\n","protected":false},"author":1,"featured_media":27342,"comment_status":"open","ping_status":"open","sticky":false,"template":"","format":"standard","meta":{"footnotes":""},"categories":[27],"tags":[],"class_list":["post-27341","post","type-post","status-publish","format-standard","has-post-thumbnail","hentry","category-guncel-haberler"],"_links":{"self":[{"href":"https:\/\/haberbesiktas.tr\/index.php?rest_route=\/wp\/v2\/posts\/27341","targetHints":{"allow":["GET"]}}],"collection":[{"href":"https:\/\/haberbesiktas.tr\/index.php?rest_route=\/wp\/v2\/posts"}],"about":[{"href":"https:\/\/haberbesiktas.tr\/index.php?rest_route=\/wp\/v2\/types\/post"}],"author":[{"embeddable":true,"href":"https:\/\/haberbesiktas.tr\/index.php?rest_route=\/wp\/v2\/users\/1"}],"replies":[{"embeddable":true,"href":"https:\/\/haberbesiktas.tr\/index.php?rest_route=%2Fwp%2Fv2%2Fcomments&post=27341"}],"version-history":[{"count":1,"href":"https:\/\/haberbesiktas.tr\/index.php?rest_route=\/wp\/v2\/posts\/27341\/revisions"}],"predecessor-version":[{"id":27344,"href":"https:\/\/haberbesiktas.tr\/index.php?rest_route=\/wp\/v2\/posts\/27341\/revisions\/27344"}],"wp:featuredmedia":[{"embeddable":true,"href":"https:\/\/haberbesiktas.tr\/index.php?rest_route=\/wp\/v2\/media\/27342"}],"wp:attachment":[{"href":"https:\/\/haberbesiktas.tr\/index.php?rest_route=%2Fwp%2Fv2%2Fmedia&parent=27341"}],"wp:term":[{"taxonomy":"category","embeddable":true,"href":"https:\/\/haberbesiktas.tr\/index.php?rest_route=%2Fwp%2Fv2%2Fcategories&post=27341"},{"taxonomy":"post_tag","embeddable":true,"href":"https:\/\/haberbesiktas.tr\/index.php?rest_route=%2Fwp%2Fv2%2Ftags&post=27341"}],"curies":[{"name":"wp","href":"https:\/\/api.w.org\/{rel}","templated":true}]}}