{"id":27345,"date":"2025-05-06T21:12:15","date_gmt":"2025-05-06T21:12:15","guid":{"rendered":"https:\/\/haberbesiktas.tr\/?p=27345"},"modified":"2025-05-06T21:12:15","modified_gmt":"2025-05-06T21:12:15","slug":"galatasaraydan-derbi-talebi-aynisini-istiyoruz","status":"publish","type":"post","link":"https:\/\/haberbesiktas.tr\/?p=27345","title":{"rendered":"Galatasaray&#8217;dan derbi talebi: &#8216;Ayn\u0131s\u0131n\u0131 istiyoruz&#8217;"},"content":{"rendered":"<div>T\u00fcrkiye Kupas\u0131&#8217;nda Fenerbah\u00e7e&#8217;ye konuk olacak Galatasaray&#8217;\u0131n birtak\u0131m talepleri var&#8230;<\/p>\n<p> Fenerbah\u00e7e Tu\u0308rkiye Kupas\u0131&#8217;nda k\u00fcmesini ba\u015fkan bitirdig\u0306i ic\u0327in konut sahibi pozisyonunda. Tek mac\u0327 eleme usulu\u0308yle yap\u0131lacak kars\u0327\u0131las\u0327ma 1, 2 yahut 3 Nisan&#8217;da olacak. Henu\u0308z tarih netles\u0327medi, lakin Galatasaray s\u0327imdiden s\u0327artlar\u0131n\u0131 belirledi. Ligdeki derbide sar\u0131-k\u0131rm\u0131z\u0131l\u0131 taraftarlar, s\u0131k\u0131 bir aramadan gec\u0327irilerek stada girmis\u0327ti.<\/p>\n<p> <strong>&#8216;HASSAS\u0130YET GO\u0308STER\u0130LMEL\u0130&#8217;<\/strong><\/p>\n<p>Rams Park&#8217;taki 10 bin gu\u0308venlik \u00e7al\u0131\u015fan\u0131 tribu\u0308nlerin o\u0308nu\u0308nde c\u0327ift tarafl\u0131 koridor olus\u0327turarak saha ic\u0327i gu\u0308venlig\u0306i sag\u0306lam\u0131s\u0327t\u0131. Ayr\u0131yeten bitis\u0327 du\u0308du\u0308g\u0306u\u0308yle saha ic\u0327ine giren polis sar\u0131-lacivertli kadroya s\u0131k\u0131 m\u00fcdafaa uygulam\u0131s\u0327t\u0131. Galatasaray, Kad\u0131ko\u0308y&#8217;de de benzeri gu\u0308venlik hassasiyetinin olmas\u0131nda \u0131srarc\u0131.<\/p>\n<p> <strong>HACIOSMANOG\u0306LU&#8217;NA TEPKI<br \/><\/strong><br \/>Ligdeki derbiyi Vincic&#8217;in yo\u0308netmesiyle bas\u0327layan uygulaman\u0131n devam etmesi Galatasaray yo\u0308netiminin olmazsa olmaz\u0131. I\u0307brahim Hac\u0131osmanog\u0306lu&#8217;nun, <strong>&#8220;O uygulama bir kerelig\u0306ine yap\u0131ld\u0131&#8221;<\/strong> so\u0308zu\u0308ne reaksiyon go\u0308sterilirken, Kad\u0131ko\u0308y&#8217;de yabanc\u0131 hakem olmadan adaletin sag\u0306lanmayacag\u0306\u0131 du\u0308s\u0327u\u0308nu\u0308lu\u0308yor.\u00a0\u00a0<\/p>\n<div>\u00a0<\/div>\n<\/div>\n<p><\/p>\n","protected":false},"excerpt":{"rendered":"<p>T\u00fcrkiye Kupas\u0131&#8217;nda Fenerbah\u00e7e&#8217;ye konuk olacak Galatasaray, ko\u015fullar\u0131n\u0131 belirledi. Rams Park Stad\u0131&#8217;nda uygulanan a\u011f\u0131r g\u00fcvenlik tedbirlerinin yan\u0131 s\u0131ra \u00e7ift s\u0131ra polis muhafazas\u0131, \u00fcst seviye arama ve bilhassa de yabanc\u0131 hakem, \u00dclker Stad\u0131&#8217;nda sar\u0131-k\u0131rm\u0131z\u0131l\u0131 kul\u00fcb\u00fcn olmazsa olmazlar\u0131.<\/p>\n","protected":false},"author":1,"featured_media":27346,"comment_status":"open","ping_status":"open","sticky":false,"template":"","format":"standard","meta":{"footnotes":""},"categories":[25],"tags":[],"class_list":["post-27345","post","type-post","status-publish","format-standard","has-post-thumbnail","hentry","category-futbol"],"_links":{"self":[{"href":"https:\/\/haberbesiktas.tr\/index.php?rest_route=\/wp\/v2\/posts\/27345","targetHints":{"allow":["GET"]}}],"collection":[{"href":"https:\/\/haberbesiktas.tr\/index.php?rest_route=\/wp\/v2\/posts"}],"about":[{"href":"https:\/\/haberbesiktas.tr\/index.php?rest_route=\/wp\/v2\/types\/post"}],"author":[{"embeddable":true,"href":"https:\/\/haberbesiktas.tr\/index.php?rest_route=\/wp\/v2\/users\/1"}],"replies":[{"embeddable":true,"href":"https:\/\/haberbesiktas.tr\/index.php?rest_route=%2Fwp%2Fv2%2Fcomments&post=27345"}],"version-history":[{"count":1,"href":"https:\/\/haberbesiktas.tr\/index.php?rest_route=\/wp\/v2\/posts\/27345\/revisions"}],"predecessor-version":[{"id":27347,"href":"https:\/\/haberbesiktas.tr\/index.php?rest_route=\/wp\/v2\/posts\/27345\/revisions\/27347"}],"wp:featuredmedia":[{"embeddable":true,"href":"https:\/\/haberbesiktas.tr\/index.php?rest_route=\/wp\/v2\/media\/27346"}],"wp:attachment":[{"href":"https:\/\/haberbesiktas.tr\/index.php?rest_route=%2Fwp%2Fv2%2Fmedia&parent=27345"}],"wp:term":[{"taxonomy":"category","embeddable":true,"href":"https:\/\/haberbesiktas.tr\/index.php?rest_route=%2Fwp%2Fv2%2Fcategories&post=27345"},{"taxonomy":"post_tag","embeddable":true,"href":"https:\/\/haberbesiktas.tr\/index.php?rest_route=%2Fwp%2Fv2%2Ftags&post=27345"}],"curies":[{"name":"wp","href":"https:\/\/api.w.org\/{rel}","templated":true}]}}