{"id":27354,"date":"2025-05-06T21:48:17","date_gmt":"2025-05-06T21:48:17","guid":{"rendered":"https:\/\/haberbesiktas.tr\/?p=27354"},"modified":"2025-05-06T21:48:17","modified_gmt":"2025-05-06T21:48:17","slug":"super-ligde-korku-dolu-anlar-rey-manaj","status":"publish","type":"post","link":"https:\/\/haberbesiktas.tr\/?p=27354","title":{"rendered":"S\u00fcper Lig&#8217;de korku dolu anlar; Rey Manaj!"},"content":{"rendered":"<div>Trendyol Harika Lig&#8217;in 27. haftas\u0131nda oynanan Sivasspor &#8211; G\u00f6ztepe ma\u00e7\u0131nda \u015fanss\u0131z bir an ya\u015fand\u0131.\u00a0<\/p>\n<p>Sivasspor&#8217;da forma giyen Rey Manaj, ya\u015fad\u0131\u011f\u0131 sakatl\u0131k sonras\u0131 hastaneye kald\u0131r\u0131ld\u0131.<\/p>\n<p>M\u00fccadelenin 3.dakikas\u0131nda Koray G\u00fcnter ile girdi\u011fi konumda sakatl\u0131k ya\u015fayan Arnavut golc\u00fc, ambulansla hastaneye g\u00f6t\u00fcr\u00fcld\u00fc.<\/p>\n<p><img decoding=\"async\" src=\"https:\/\/haberbesiktas.tr\/wp-content\/uploads\/2025\/05\/super-ligde-korku-dolu-anlar-rey-manaj-0-88swKNmy.jpeg\"\/><\/p>\n<p><img decoding=\"async\" src=\"https:\/\/haberbesiktas.tr\/wp-content\/uploads\/2025\/05\/super-ligde-korku-dolu-anlar-rey-manaj-1-2d6yzgZM.jpg\"\/><\/p>\n<p><img decoding=\"async\" src=\"https:\/\/haberbesiktas.tr\/wp-content\/uploads\/2025\/05\/super-ligde-korku-dolu-anlar-rey-manaj-2-diDBn6V4.jpg\"\/><\/p>\n<p><img decoding=\"async\" src=\"https:\/\/haberbesiktas.tr\/wp-content\/uploads\/2025\/05\/super-ligde-korku-dolu-anlar-rey-manaj-3-vJxWxi3M.jpg\"\/><\/p>\n<p><\/div>\n<p><\/p>\n","protected":false},"excerpt":{"rendered":"<p>Sivasspor-G\u00f6ztepe ma\u00e7\u0131n\u0131n 3.dakikas\u0131nda Koray G\u00fcnter ile girdi\u011fi durumda sakatl\u0131k ya\u015fayan Rey Manaj, ambulansla hastaneye g\u00f6t\u00fcr\u00fcld\u00fc.<\/p>\n","protected":false},"author":1,"featured_media":27355,"comment_status":"open","ping_status":"open","sticky":false,"template":"","format":"standard","meta":{"footnotes":""},"categories":[25],"tags":[],"class_list":["post-27354","post","type-post","status-publish","format-standard","has-post-thumbnail","hentry","category-futbol"],"_links":{"self":[{"href":"https:\/\/haberbesiktas.tr\/index.php?rest_route=\/wp\/v2\/posts\/27354","targetHints":{"allow":["GET"]}}],"collection":[{"href":"https:\/\/haberbesiktas.tr\/index.php?rest_route=\/wp\/v2\/posts"}],"about":[{"href":"https:\/\/haberbesiktas.tr\/index.php?rest_route=\/wp\/v2\/types\/post"}],"author":[{"embeddable":true,"href":"https:\/\/haberbesiktas.tr\/index.php?rest_route=\/wp\/v2\/users\/1"}],"replies":[{"embeddable":true,"href":"https:\/\/haberbesiktas.tr\/index.php?rest_route=%2Fwp%2Fv2%2Fcomments&post=27354"}],"version-history":[{"count":1,"href":"https:\/\/haberbesiktas.tr\/index.php?rest_route=\/wp\/v2\/posts\/27354\/revisions"}],"predecessor-version":[{"id":27360,"href":"https:\/\/haberbesiktas.tr\/index.php?rest_route=\/wp\/v2\/posts\/27354\/revisions\/27360"}],"wp:featuredmedia":[{"embeddable":true,"href":"https:\/\/haberbesiktas.tr\/index.php?rest_route=\/wp\/v2\/media\/27355"}],"wp:attachment":[{"href":"https:\/\/haberbesiktas.tr\/index.php?rest_route=%2Fwp%2Fv2%2Fmedia&parent=27354"}],"wp:term":[{"taxonomy":"category","embeddable":true,"href":"https:\/\/haberbesiktas.tr\/index.php?rest_route=%2Fwp%2Fv2%2Fcategories&post=27354"},{"taxonomy":"post_tag","embeddable":true,"href":"https:\/\/haberbesiktas.tr\/index.php?rest_route=%2Fwp%2Fv2%2Ftags&post=27354"}],"curies":[{"name":"wp","href":"https:\/\/api.w.org\/{rel}","templated":true}]}}