{"id":27367,"date":"2025-05-06T22:24:23","date_gmt":"2025-05-06T22:24:23","guid":{"rendered":"https:\/\/haberbesiktas.tr\/?p=27367"},"modified":"2025-05-06T22:24:23","modified_gmt":"2025-05-06T22:24:23","slug":"super-ligde-korku-dolu-anlar-rey-manaj-ve-veljko-simic","status":"publish","type":"post","link":"https:\/\/haberbesiktas.tr\/?p=27367","title":{"rendered":"S\u00fcper Lig&#8217;de korku dolu anlar; Rey Manaj ve Veljko Simic"},"content":{"rendered":"<div>Trendyol \u00dcst\u00fcn Lig&#8217;in 27. haftas\u0131nda oynanan Sivasspor &#8211; G\u00f6ztepe ma\u00e7\u0131nda \u015fanss\u0131z anlar ya\u015fand\u0131. Rey Manaj&#8217;\u0131n \u00e7arp\u0131ma sonras\u0131 hastaneye kald\u0131r\u0131lmas\u0131n\u0131n akabinde oyuna giren Veljko Simic de hastanelik oldu.<\/p>\n<p>Sivasspor&#8217;da forma giyen Rey Manaj, ya\u015fad\u0131\u011f\u0131 sakatl\u0131k sonras\u0131 hastaneye kald\u0131r\u0131ld\u0131. U\u011fra\u015f\u0131n 3.dakikas\u0131nda Koray G\u00fcnter ile girdi\u011fi konumda sakatl\u0131k ya\u015fayan Arnavut golc\u00fc, ambulansla hastaneye g\u00f6t\u00fcr\u00fcld\u00fc.<\/p>\n<p><img decoding=\"async\" src=\"https:\/\/haberbesiktas.tr\/wp-content\/uploads\/2025\/05\/super-ligde-korku-dolu-anlar-rey-manaj-ve-veljko-simic-0-DL33rEL9.jpg\"\/><\/p>\n<p><strong>Hastaneye kald\u0131r\u0131lan Rey Manaj&#8217;\u0131n \u015fuurunun a\u00e7\u0131ld\u0131\u011f\u0131 \u00f6\u011frenildi. Arnavut futbolcunun hastanede denetimleri yap\u0131lacak ve m\u00fc\u015fahede alt\u0131nda tutulacak.<\/p>\n<p><\/strong>Sivasspor&#8217;dan yap\u0131lan a\u00e7\u0131klamada<strong> &#8220;Sporcumuz Rey Manaj, G\u00f6ztepe ile oynad\u0131\u011f\u0131m\u0131z ma\u00e7\u0131n 3. dakikas\u0131nda rakip oyuncu ile ya\u015fad\u0131\u011f\u0131 \u00e7arp\u0131\u015fma sonucu \u015fuurunu kaybetmi\u015ftir. S\u0131hhat tak\u0131m\u0131m\u0131z\u0131n saha i\u00e7indeki birinci m\u00fcdahalesinin akabinde ambulansla hastaneye kald\u0131r\u0131lan atletimizin \u015fuuru hastanede a\u00e7\u0131lm\u0131\u015ft\u0131r. Gerekli tetkiklerin yap\u0131lmas\u0131n\u0131n akabinde Rey Manaj&#8217;\u0131n s\u0131hhat durumu hakk\u0131nda ayr\u0131nt\u0131l\u0131 bilgilendirme kamuoyuyla payla\u015f\u0131lacakt\u0131r.&#8221; <\/strong>denildi.<strong><br \/><\/strong><\/p>\n<p> <strong>MANAJ&#8217;IN YER\u0130NE G\u0130RD\u0130, O DA HASTANEYE KALDIRILDI<\/strong><\/p>\n<p> Sivasspor&#8217;da Rey Manaj&#8217;\u0131n yerine oyuna giren Veljko Simic, 28. dakikada kadro arkada\u015f\u0131 Efkan Bekiro\u011flu ile \u00e7arp\u0131\u015fmas\u0131n\u0131n akabinde sakatland\u0131 ve hastaneye kald\u0131r\u0131ld\u0131.<\/p>\n<p> <strong>Ka\u015f\u0131nda b\u00fcy\u00fck bir a\u00e7\u0131lma olan Veljko Simic&#8217;in hastaneye g\u00f6t\u00fcr\u00fcld\u00fc\u011f\u00fc \u00f6\u011frenildi.<\/strong><\/p>\n<p> <img decoding=\"async\" src=\"https:\/\/haberbesiktas.tr\/wp-content\/uploads\/2025\/05\/super-ligde-korku-dolu-anlar-rey-manaj-ve-veljko-simic-1-wqgkDFSR.jpeg\"\/><\/p>\n<p><img decoding=\"async\" src=\"https:\/\/haberbesiktas.tr\/wp-content\/uploads\/2025\/05\/super-ligde-korku-dolu-anlar-rey-manaj-ve-veljko-simic-2-CBZ8Y8kn.jpg\"\/><\/p>\n<p><img decoding=\"async\" src=\"https:\/\/haberbesiktas.tr\/wp-content\/uploads\/2025\/05\/super-ligde-korku-dolu-anlar-rey-manaj-ve-veljko-simic-3-Gv4NJrQG.jpg\"\/><\/p>\n<p><img decoding=\"async\" src=\"https:\/\/haberbesiktas.tr\/wp-content\/uploads\/2025\/05\/super-ligde-korku-dolu-anlar-rey-manaj-ve-veljko-simic-4-FWt4Q6z6.jpg\"\/><\/p>\n<p> <strong>SIMIC&#8217;IN SAKATLANDI\u011eI AN<\/strong><\/p>\n<p><img decoding=\"async\" src=\"https:\/\/haberbesiktas.tr\/wp-content\/uploads\/2025\/05\/super-ligde-korku-dolu-anlar-rey-manaj-ve-veljko-simic-5-wz7PmEQM.png\"\/><\/p>\n<p><img decoding=\"async\" src=\"https:\/\/haberbesiktas.tr\/wp-content\/uploads\/2025\/05\/super-ligde-korku-dolu-anlar-rey-manaj-ve-veljko-simic-6-KeedTTZ2.png\"\/><\/p>\n<p><img decoding=\"async\" src=\"https:\/\/haberbesiktas.tr\/wp-content\/uploads\/2025\/05\/super-ligde-korku-dolu-anlar-rey-manaj-ve-veljko-simic-7-yPxxs5DP.png\"\/><\/p>\n<blockquote class=\"twitter-tweet\" data-width=\"500\" data-dnt=\"true\">\n<p lang=\"tr\" dir=\"ltr\">\ud83d\ude91 Rey Manaj, Koray G\u00fcnter ile girdi\u011fi pozisyonun ard\u0131ndan hastaneye kald\u0131r\u0131ld\u0131.<a href=\"https:\/\/t.co\/TfZepUfMmY\" rel=\"nofollow\">pic.twitter.com\/TfZepUfMmY<\/a><\/p>\n<p>&mdash; Sporxtv (@sporxtv) <a href=\"https:\/\/twitter.com\/sporxtv\/status\/1898688019172913314?ref_src=twsrc%5Etfw\" rel=\"nofollow noopener\" target=\"_blank\">March 9, 2025<\/a><\/p><\/blockquote>\n<p><script async src=\"https:\/\/platform.twitter.com\/widgets.js\" charset=\"utf-8\"><\/script><\/p>\n<\/p><\/div>\n<p><\/p>\n","protected":false},"excerpt":{"rendered":"<p>Sivasspor-G\u00f6ztepe ma\u00e7\u0131nda konut sahibi kadroda forma giyen Rey Manaj ve onun yerine oyuna giren Veljko Simic hastaneye kald\u0131r\u0131ld\u0131.<\/p>\n","protected":false},"author":1,"featured_media":27369,"comment_status":"open","ping_status":"open","sticky":false,"template":"","format":"standard","meta":{"footnotes":""},"categories":[25],"tags":[2387,2388],"class_list":["post-27367","post","type-post","status-publish","format-standard","has-post-thumbnail","hentry","category-futbol","tag-hastaneye","tag-rey"],"_links":{"self":[{"href":"https:\/\/haberbesiktas.tr\/index.php?rest_route=\/wp\/v2\/posts\/27367","targetHints":{"allow":["GET"]}}],"collection":[{"href":"https:\/\/haberbesiktas.tr\/index.php?rest_route=\/wp\/v2\/posts"}],"about":[{"href":"https:\/\/haberbesiktas.tr\/index.php?rest_route=\/wp\/v2\/types\/post"}],"author":[{"embeddable":true,"href":"https:\/\/haberbesiktas.tr\/index.php?rest_route=\/wp\/v2\/users\/1"}],"replies":[{"embeddable":true,"href":"https:\/\/haberbesiktas.tr\/index.php?rest_route=%2Fwp%2Fv2%2Fcomments&post=27367"}],"version-history":[{"count":1,"href":"https:\/\/haberbesiktas.tr\/index.php?rest_route=\/wp\/v2\/posts\/27367\/revisions"}],"predecessor-version":[{"id":27378,"href":"https:\/\/haberbesiktas.tr\/index.php?rest_route=\/wp\/v2\/posts\/27367\/revisions\/27378"}],"wp:featuredmedia":[{"embeddable":true,"href":"https:\/\/haberbesiktas.tr\/index.php?rest_route=\/wp\/v2\/media\/27369"}],"wp:attachment":[{"href":"https:\/\/haberbesiktas.tr\/index.php?rest_route=%2Fwp%2Fv2%2Fmedia&parent=27367"}],"wp:term":[{"taxonomy":"category","embeddable":true,"href":"https:\/\/haberbesiktas.tr\/index.php?rest_route=%2Fwp%2Fv2%2Fcategories&post=27367"},{"taxonomy":"post_tag","embeddable":true,"href":"https:\/\/haberbesiktas.tr\/index.php?rest_route=%2Fwp%2Fv2%2Ftags&post=27367"}],"curies":[{"name":"wp","href":"https:\/\/api.w.org\/{rel}","templated":true}]}}