{"id":27411,"date":"2025-05-07T00:24:09","date_gmt":"2025-05-07T00:24:09","guid":{"rendered":"https:\/\/haberbesiktas.tr\/?p=27411"},"modified":"2025-05-07T00:24:09","modified_gmt":"2025-05-07T00:24:09","slug":"safak-muderrisgil-boyle-uluslararasi-bir-ortama-ev-sahipligi-yapmak-buyuk-bir-gurur","status":"publish","type":"post","link":"https:\/\/haberbesiktas.tr\/?p=27411","title":{"rendered":"\u015eafak M\u00fcderrisgil: &#8220;B\u00f6yle uluslararas\u0131 bir ortama ev sahipli\u011fi yapmak b\u00fcy\u00fck bir gurur&#8221;"},"content":{"rendered":"<p>30-45 ya\u015f ortas\u0131nda 4 farkl\u0131 ya\u015f kategorisinde 30 \u00fclkeden 126 kadro ve 850&#8217;nin \u00fczerinde oyuncunun kat\u0131laca\u011f\u0131 ITF World Tennis Masters Tour D\u00fcnya \u015eampiyonas\u0131, Antalya&#8217;n\u0131n Manavgat il\u00e7esinde d\u00fczenlenecek. T\u00fcrkiye Tenis Federasyonu Ba\u015fkan\u0131 \u015eafak M\u00fcderrisgil, bu turnuva \u00f6ncesinde Demir\u00f6ren Haber Ajans\u0131&#8217;na a\u00e7\u0131klamalarda bulundu. <\/p>\n<p>ITF World Tennis Masters Tour D\u00fcnya \u015eampiyonas\u0131&#8217;na mesken sahipli\u011fi yapmalar\u0131n\u0131n kendileri i\u00e7in b\u00fcy\u00fck bir gurur oldu\u011funu s\u00f6yleyen T\u00fcrkiye Tenis Federasyonu Ba\u015fkan\u0131 \u015eafak M\u00fcderrisgil, &#8221;ITF World Tennis Masters Tour D\u00fcnya \u015eampiyonas\u0131 i\u00e7in Antalya&#8217;n\u0131n Manavgat il\u00e7esindeyiz. 30 \u00fclkeden 126 grup ve 850&#8217;den fazla oyuncu kat\u0131lacak. D\u00fcnyan\u0131n her yerinden gelen oyuncular renkli bir manzaraya vesile oluyorlar. 9-14 Mart tarihleri aras\u0131n kadrolar yar\u0131\u015facak. 15-22 Mart tarihleri ortas\u0131nda ise ferdi gayretlere tan\u0131kl\u0131k edece\u011fiz. Bu \u015fampiyona 30-45 ya\u015f aral\u0131\u011f\u0131nda 4 ya\u015f kategorisinde ger\u00e7ekle\u015fmekte. Bizim ulusal ekibimiz, 32 \u015fah\u0131sla \u00fclkemizi temsil edecek. Kendilerine muvaffakiyetler diliyoruz. Do\u011fal ki burada bu t\u00fcrl\u00fc memleketler aras\u0131 bir ortama konut sahipli\u011fi yapmak bizim i\u00e7in b\u00fcy\u00fck bir gurur vesilesi. Bilhassa Antalya tenis turizmi i\u00e7in k\u0131ymet kazanan ve tercih edilen yer haline geldi. Bir\u00e7ok milletleraras\u0131 turnuvam\u0131z burada ger\u00e7ekle\u015fiyor. Ekonomimiz i\u00e7in de yararl\u0131, d\u00f6viz girdisi sa\u011fl\u0131yor&#8221; tabirlerini kulland\u0131.<\/p>\n<p> May\u0131s ay\u0131nda ise Tekerlekli Sandalye Tenis D\u00fcnya \u015eampiyonas\u0131&#8217;na konut sahipli\u011fi yapacaklar\u0131n\u0131 lisana getiren \u015eafak M\u00fcderrisgil, &#8220;19-23 Mart tarihleri ortas\u0131nda Tekerlekli Sandalye Avrupa Elemeleri yap\u0131lacak. 6-11 May\u0131s tarihleri ortas\u0131nda Tekerlekli Sandalye D\u00fcnya \u015eampiyonas\u0131&#8217;na mesken sahipli\u011fi yap\u0131yor olaca\u011f\u0131z. Tenis Europe&#8217;un her y\u0131l yapt\u0131\u011f\u0131 bir genel konsey var. Bu sene konut sahipli\u011fi i\u00e7in T\u00fcrkiye se\u00e7ildi. 19-22 Mart tarihleri ortas\u0131nda Avrupa&#8217;n\u0131n tenis federasyonlar\u0131n\u0131n liderlerini burada a\u011f\u0131rl\u0131yor olaca\u011f\u0131z&#8221; kelamlar\u0131n\u0131 sarf etti.<\/p>\n<p> <strong>&#8216;T\u00dcM V\u0130LAYETLER\u0130M\u0130ZDEN B\u0130RER TEN\u0130S EL\u00c7\u0130S\u0130 SE\u00c7ECE\u011e\u0130Z&#8217;<\/strong><\/p>\n<p> T\u00fcrkiye&#8217;nin her vilayetinde tenisi yayg\u0131nla\u015ft\u0131rmak istediklerine vurgu yapan M\u00fcderrisgil, &#8220;11 Kas\u0131m&#8217;da se\u00e7ildik, 14 Aral\u0131k&#8217;ta birinci \u00e7al\u0131\u015ftay\u0131m\u0131z\u0131 ger\u00e7ekle\u015ftirdik. Bu \u00e7al\u0131\u015ftay\u0131n ismi T\u00fcrkiye Tenis ata\u011f\u0131yd\u0131. Burada hedefimiz Tenis ekosistemimizin t\u00fcm payda\u015flar\u0131n\u0131 bir ortaya getirerek tenisin g\u00fc\u00e7l\u00fc yanlar\u0131n\u0131, daha zay\u0131f yanlar\u0131n\u0131, f\u0131rsatlar\u0131, tehditleri ortaya \u00e7\u0131karmak i\u00e7in t\u00fcm payda\u015flar\u0131 bir ortaya getirmek ve onlarla hususlar\u0131 tahlil etmekti. Bir i\u015fte ba\u015far\u0131l\u0131 olmak istiyorsan\u0131z payda\u015flarla konu\u015fman\u0131z laz\u0131m. Bu \u00e7al\u0131\u015ftay\u0131n raporunu da 2 hafta evvel yay\u0131nlad\u0131k. T\u00fcrkiye&#8217;de tenis ekosisteminin kuvvetlenmesi i\u00e7in taban\u0131n kuvvetlenmesi gerekiyor. Yani tabana yaymam\u0131z gerekiyor. Tenis sporunu ve k\u00fclt\u00fcr\u00fcn\u00fc yayg\u0131nla\u015ft\u0131rmam\u0131z gerekiyor. Bu gayeyle hayata ge\u00e7irdi\u011fimiz projelerden biri &#8216;Tenis el\u00e7ileri&#8217; olacak. Bunu d\u00fcn web sitemizde ilan ettik. T\u00fcm vilayetlerimizden birer tenis el\u00e7isi se\u00e7ece\u011fiz. Her vilayette bulunan tenis severler, kul\u00fcpler ve oyuncular var. Her vilayet baz\u0131nda tenis k\u00fclt\u00fcr\u00fcn\u00fc yayg\u0131nla\u015ft\u0131rmay\u0131 planl\u0131yoruz. M\u00fcracaat s\u00fcreci ba\u015flad\u0131. M\u00fcracaatlar\u0131 toplad\u0131ktan sonra 18 Mart&#8217;ta her ili temsil edecek tenis el\u00e7ilerimizi ilan ediyor olaca\u011f\u0131z. 7 Nisan haftas\u0131 tenis el\u00e7ilerimizi ve vilayet temsilcilerimizi \u0130stanbul&#8217;da bir ortaya getirece\u011fimiz seminerde bu mevzuyu i\u015fliyor olaca\u011f\u0131z. Kimi e\u011fitimler al\u0131yor olaca\u011f\u0131z. Paneller ger\u00e7ekle\u015fecek. Bu \u00e7al\u0131\u015fmalar 4 y\u0131l boyunca devam edecek. \u0130zleme raporlar\u0131yla bu projenin geli\u015fimini izliyor olaca\u011f\u0131z&#8221; diyerek kelamlar\u0131n\u0131 noktalad\u0131.<\/p>\n","protected":false},"excerpt":{"rendered":"<p>T\u00fcrkiye Tenis Federasyonu Ba\u015fkan\u0131 \u015eafak M\u00fcderrisgil, &#8220;Burada bu t\u00fcrl\u00fc milletleraras\u0131 bir ortama mesken sahipli\u011fi yapmak bizim i\u00e7in b\u00fcy\u00fck bir gurur vesilesi. Bilhassa Antalya tenis turizmi i\u00e7in k\u0131ymet kazanan ve tercih edilen yer haline geldi. Bir\u00e7ok milletleraras\u0131 turnuvam\u0131z burada ger\u00e7ekle\u015fiyor. Ekonomimiz i\u00e7in de yararl\u0131, d\u00f6viz girdisi sa\u011fl\u0131yor&#8221; dedi.<\/p>\n","protected":false},"author":1,"featured_media":27412,"comment_status":"open","ping_status":"open","sticky":false,"template":"","format":"standard","meta":{"footnotes":""},"categories":[38],"tags":[233,2390,2206,456,222],"class_list":["post-27411","post","type-post","status-publish","format-standard","has-post-thumbnail","hentry","category-tenis","tag-dunya-sampiyonasi","tag-ev-sahipligi","tag-mart","tag-tenis","tag-turkiye"],"_links":{"self":[{"href":"https:\/\/haberbesiktas.tr\/index.php?rest_route=\/wp\/v2\/posts\/27411","targetHints":{"allow":["GET"]}}],"collection":[{"href":"https:\/\/haberbesiktas.tr\/index.php?rest_route=\/wp\/v2\/posts"}],"about":[{"href":"https:\/\/haberbesiktas.tr\/index.php?rest_route=\/wp\/v2\/types\/post"}],"author":[{"embeddable":true,"href":"https:\/\/haberbesiktas.tr\/index.php?rest_route=\/wp\/v2\/users\/1"}],"replies":[{"embeddable":true,"href":"https:\/\/haberbesiktas.tr\/index.php?rest_route=%2Fwp%2Fv2%2Fcomments&post=27411"}],"version-history":[{"count":1,"href":"https:\/\/haberbesiktas.tr\/index.php?rest_route=\/wp\/v2\/posts\/27411\/revisions"}],"predecessor-version":[{"id":27413,"href":"https:\/\/haberbesiktas.tr\/index.php?rest_route=\/wp\/v2\/posts\/27411\/revisions\/27413"}],"wp:featuredmedia":[{"embeddable":true,"href":"https:\/\/haberbesiktas.tr\/index.php?rest_route=\/wp\/v2\/media\/27412"}],"wp:attachment":[{"href":"https:\/\/haberbesiktas.tr\/index.php?rest_route=%2Fwp%2Fv2%2Fmedia&parent=27411"}],"wp:term":[{"taxonomy":"category","embeddable":true,"href":"https:\/\/haberbesiktas.tr\/index.php?rest_route=%2Fwp%2Fv2%2Fcategories&post=27411"},{"taxonomy":"post_tag","embeddable":true,"href":"https:\/\/haberbesiktas.tr\/index.php?rest_route=%2Fwp%2Fv2%2Ftags&post=27411"}],"curies":[{"name":"wp","href":"https:\/\/api.w.org\/{rel}","templated":true}]}}