{"id":27423,"date":"2025-05-07T01:12:10","date_gmt":"2025-05-07T01:12:10","guid":{"rendered":"https:\/\/haberbesiktas.tr\/?p=27423"},"modified":"2025-05-07T01:12:10","modified_gmt":"2025-05-07T01:12:10","slug":"para-masa-tenisci-kerim-ara-verdigi-spor-hayatina-altin-madalyayla-dondu","status":"publish","type":"post","link":"https:\/\/haberbesiktas.tr\/?p=27423","title":{"rendered":"Para masa tenis\u00e7i Kerim, ara verdi\u011fi spor hayat\u0131na alt\u0131n madalyayla d\u00f6nd\u00fc"},"content":{"rendered":"<p>Ulusal ve memleketler aras\u0131 turnuvalarda elde etti\u011fi derecenin ard\u0131ndan\u00a0spor\u00a0kariyerine 2023 y\u0131l\u0131nda\u00a0ara\u00a0veren Eski\u015fehir DS\u0130 Bentspor\u00a0Masa\u00a0Tenisi Tak\u0131m\u0131&#8217;n\u0131n\u00a0para\u00a0sporcusu 25 ya\u015f\u0131ndaki Kerim \u00d6zay, bu sene kat\u0131ld\u0131\u011f\u0131\u00a0Masa\u00a0Tenisi T\u00fcrkiye \u015eampiyonas\u0131&#8217;nda\u00a0alt\u0131n\u00a0madalyay\u0131 boynuna takt\u0131.<\/p>\n<p> Do\u011fu\u015fta iki eli olmayan\u00a0Kerim,\u00a0ilkokul \u00f6\u011fretmeninin y\u00f6nlendirmesiyle 9 ya\u015f\u0131nda\u00a0masa\u00a0tenisiyle tan\u0131\u015ft\u0131. P\u00fcr\u00fcz\u00fc nedeniyle takt\u0131\u011f\u0131 \u00f6zel aparatlar sayesinde\u00a0masa\u00a0tenisi oynayabilen\u00a0Kerim,\u00a0DS\u0130 Bentspor\u00a0formas\u0131yla yurt i\u00e7inde &#8220;minik&#8221;, &#8220;y\u0131ld\u0131z&#8221; ve &#8220;gen\u00e7&#8221; kategorilerine kat\u0131ld\u0131\u011f\u0131 turnuvalarda \u00e7ok say\u0131da derece elde etti.<\/p>\n<p> T\u00fcrkiye\u00a0Paralimpik Ulusal Grubu&#8217;na se\u00e7ilen Kerim \u00d6zay, birinci yurt d\u0131\u015f\u0131 tecr\u00fcbesini 2013&#8217;te Almanya&#8217;da d\u00fczenlenen A\u00e7\u0131k Turnuva&#8217;da ya\u015fad\u0131. Daha sonra 2014 y\u0131l\u0131nda Slovakya&#8217;daki A\u00e7\u0131k Turnuva&#8217;ya kat\u0131lan\u00a0Kerim,\u00a0ilk memleketler aras\u0131 madalyas\u0131n\u0131 Bulgaristan&#8217;da 2016&#8217;da ger\u00e7ekle\u015ftirilen t\u0131pk\u0131 isimli turnuvada elde etti\u011fi ikincilikle kazand\u0131.<\/p>\n<p> \u00d6zye\u011fin \u00dcniversitesi Sosyal Bilimler Fak\u00fcltesi Memleketler aras\u0131 M\u00fcnasebetler K\u0131sm\u0131&#8217;nda tahsil g\u00f6r\u00fcrken Kerim \u00d6zay, Avrupa \u00dcniversite\u00a0Sporlar\u0131 Birli\u011finin (EUSA) 2018 y\u0131l\u0131nda Portekiz&#8217;de d\u00fczenledi\u011fi \u015fampiyonaya kat\u0131ld\u0131. Bu \u015fampiyonada derece alamayan\u00a0Kerim,\u00a02022&#8217;de Polonya&#8217;da d\u00fczenlenen EUSA turnuvas\u0131nda Avrupa ikincisi oldu.<\/p>\n<p> Daha sonra Kerim \u00d6zay, mesleksel mesle\u011fine odaklanmay\u0131 tercih etti. Salondan uzak kald\u0131\u011f\u0131 2 y\u0131l boyunca yat\u0131r\u0131m firmas\u0131nda data analisti olarak \u00e7al\u0131\u015fan \u00d6zay, kul\u00fcb\u00fcn\u00fcn \u0131srar\u0131 \u00fczerine Ankara\u00a0Alt\u0131nda\u011f\u00a0Spor\u00a0Salonu&#8217;nda d\u00fczenlenen 2025\u00a0Paralimpik\u00a0Masa\u00a0Tenisi T\u00fcrkiye \u015eampiyonas\u0131&#8217;na kat\u0131ld\u0131.<\/p>\n<p> Kerim \u00d6zay, 300&#8217;\u00fcn \u00fczerinde\u00a0sporcunun kat\u0131ld\u0131\u011f\u0131 turnuvada\u00a0alt\u0131n\u00a0madalya kazand\u0131. Kerim \u00d6zay, T\u00fcrkiye\u00a0Masa\u00a0Tenisi Federasyonu Ba\u015fkan\u0131 olmay\u0131 hedefliyor.<\/p>\n<p> <strong>&#8211; &#8220;Aparat\u00a0arac\u0131l\u0131\u011f\u0131yla raketi elime tak\u0131p, oynuyorum&#8221;<\/strong><\/p>\n<p> Kerim \u00d6zay, AA muhabirine, birinci ba\u015flad\u0131\u011f\u0131nda mahzurundan dolay\u0131\u00a0masa\u00a0tenisinin kendisine imkans\u0131z \u00fczere g\u00f6r\u00fcnd\u00fc\u011f\u00fcn\u00fc belirterek, ailesinin ve etraf\u0131n\u0131n kendisine destek\u00a0verdi\u011fini s\u00f6yledi.<\/p>\n<p> Masa\u00a0tenisine ba\u015flad\u0131\u011f\u0131 2008 y\u0131l\u0131nda kul\u00fcb\u00fcn\u00fcn yeti\u015ftirdi\u011fi Eski\u015fehirli\u00a0sporcu Neslihan Kavas&#8217;\u0131n \u00c7in&#8217;in ba\u015f\u015fehri Pekin&#8217;de d\u00fczenlenen\u00a0Paralimpik Oyunlar\u0131&#8217;na kat\u0131lmas\u0131ndan etkilendi\u011fini anlatan\u00a0Kerim,\u00a0\u015f\u00f6yle konu\u015ftu:<\/p>\n<p> &#8220;Neslihan Kavas&#8217;\u0131n ba\u015far\u0131s\u0131 beni motive etti. Bir aparat\u00a0arac\u0131l\u0131\u011f\u0131yla raketi elime tak\u0131p, oynuyorum.\u00a0Masa\u00a0tenisinde bilek \u00e7ok k\u0131ymetli oldu\u011fu i\u00e7in kimi dezavantajlar\u0131 var. Raketi pek efektif kullanam\u0131yorum fakat bu a\u00e7\u0131\u011f\u0131m\u0131 da bacaklar\u0131m\u0131 h\u0131zland\u0131rarak kapatt\u0131m.\u00a0Paralimpik\u00a0sporcular\u0131n en avantajl\u0131 yan\u0131 kendini tan\u0131mak ve neyi yapamad\u0131\u011f\u0131n\u0131 ve bu a\u00e7\u0131\u011f\u0131 nas\u0131l kapataca\u011f\u0131n\u0131 bilmek. Bile\u011fimi kullanamad\u0131\u011f\u0131m i\u00e7in\u00a0masan\u0131n k\u0131sa toplar\u0131nda \u00f6nemli sorun ya\u015f\u0131yordum. Bunu nas\u0131l yapaca\u011f\u0131m\u0131 d\u00fc\u015f\u00fcn\u00fcrken daha farkl\u0131 hareketlerle \u00e7\u00f6zmeye \u00e7al\u0131\u015ft\u0131m.&#8221;<\/p>\n<p> <strong>&#8211; &#8220;Meditasyon \u00fczere, kendimi rahatlat\u0131yorum&#8221;<\/strong><\/p>\n<p> Kerim \u00d6zay,\u00a0sporculuk mesle\u011finde hedefledi\u011fi t\u00fcm ba\u015far\u0131lara\u00a0ula\u015ft\u0131\u011f\u0131n\u0131 bildirdi.<\/p>\n<p> Polonya&#8217;daki Avrupa \u00dcniversite\u00a0Sporlar\u0131 Birli\u011fi \u015eampiyonas\u0131&#8217;n\u0131n ard\u0131ndan\u00a0spor\u00a0kariyerini sonland\u0131rd\u0131\u011f\u0131n\u0131 s\u00f6z eden\u00a0Kerim,\u00a0\u015funlar\u0131 kaydetti:<\/p>\n<p> &#8220;Bu y\u0131l tekrar T\u00fcrkiye \u015eampiyonas\u0131&#8217;na kat\u0131ld\u0131m. Asl\u0131nda kafamda\u00a0masa\u00a0tenisini sonland\u0131rm\u0131\u015ft\u0131m ancak bu o denli bir\u00a0spor\u00a0ki sizi b\u0131rakm\u0131yor. Bir de 25&#8217;li ya\u015flar bir\u00a0sporcunun en yeterli vakitleridir. Ben ise bu ya\u015flarda d\u00fcnya \u015fampiyonas\u0131 hedeflemem g\u00fc\u00e7 oldu\u011fu i\u00e7in tercihimi meslekten yana kulland\u0131m. Herhalde tekrar ya\u015f\u0131n getirdi\u011fi bir tecr\u00fcbeyle en \u00e2l\u00e2 d\u00f6nemlerimi ge\u00e7irdi\u011fimi fark ettim ve T\u00fcrkiye \u015fampiyonu oldum. Evvelce s\u0131k\u0131nt\u0131 yendi\u011fim insanlar\u0131 3-0 \u00fczere skorlarla yenerek \u015fampiyon oldum.\u00a0Masa\u00a0tenisinden hi\u00e7 kopmayaca\u011f\u0131m, oynamaya devam edece\u011fim zira topa vurmak benim i\u00e7in meditasyon \u00fczere, kendimi rahatlat\u0131yorum. En b\u00fcy\u00fck hedefim T\u00fcrkiye\u00a0Masa\u00a0Tenisi Federasyonu Ba\u015fkan\u0131 olmak. Kendimi buna haz\u0131rl\u0131yorum.&#8221;<\/p>\n<p> Kerim \u00d6zay&#8217;\u0131n\u00a0masa\u00a0tenisine ba\u015flad\u0131\u011f\u0131 2008 y\u0131l\u0131ndan bu yana antren\u00f6rl\u00fc\u011f\u00fcn\u00fc yapan Ziya \u00d6ner ise\u00a0sporcusunun y\u0131llarca \u00f6nemli bir emek g\u00f6sterdi\u011finin\u00a0alt\u0131n\u0131 \u00e7izdi.<\/p>\n<p> Atletinin ulusal formay\u0131 giydi\u011fini an\u0131msatan \u00d6ner, &#8220;Masa\u00a0tenisinde 100&#8217;\u00fcn \u00fcst\u00fcnde madalya kazand\u0131k. Bu \u015fampiyonlukla birlikte 4 T\u00fcrkiye \u015fampiyonlu\u011fumuz oldu. Kerim&#8217;in mesleksel ve akademik hayattaki yo\u011funlu\u011fundan \u00f6t\u00fcr\u00fc eski tempomuzda olamasak da o kadar d\u00fczg\u00fcn \u00e7al\u0131\u015fm\u0131\u015f\u0131z ki hala T\u00fcrkiye \u015fampiyonlu\u011fu elde edebilecek d\u00fczeydeyiz. Birlikte T\u00fcrk\u00a0masa\u00a0tenisine katk\u0131 sa\u011flamaya devam edece\u011fiz.&#8221; de\u011ferlendirmesinde bulundu.<\/p>\n","protected":false},"excerpt":{"rendered":"<p>Eski\u015fehir DS\u0130 Bentspor&#8217;un para masa tenisi sportmeni Kerim \u00d6zay, ulusal ve memleketler aras\u0131 derecelerin akabinde 2023 y\u0131l\u0131nda orta verdi\u011fi spor mesle\u011fine bu sene tekrar d\u00f6n\u00fcp, T\u00fcrkiye \u015fampiyonu oldu.<\/p>\n","protected":false},"author":1,"featured_media":27424,"comment_status":"open","ping_status":"open","sticky":false,"template":"","format":"standard","meta":{"footnotes":""},"categories":[27],"tags":[2391,91,1024,222,2392],"class_list":["post-27423","post","type-post","status-publish","format-standard","has-post-thumbnail","hentry","category-guncel-haberler","tag-kerim","tag-sampiyon","tag-sampiyonasi","tag-turkiye","tag-yilinda"],"_links":{"self":[{"href":"https:\/\/haberbesiktas.tr\/index.php?rest_route=\/wp\/v2\/posts\/27423","targetHints":{"allow":["GET"]}}],"collection":[{"href":"https:\/\/haberbesiktas.tr\/index.php?rest_route=\/wp\/v2\/posts"}],"about":[{"href":"https:\/\/haberbesiktas.tr\/index.php?rest_route=\/wp\/v2\/types\/post"}],"author":[{"embeddable":true,"href":"https:\/\/haberbesiktas.tr\/index.php?rest_route=\/wp\/v2\/users\/1"}],"replies":[{"embeddable":true,"href":"https:\/\/haberbesiktas.tr\/index.php?rest_route=%2Fwp%2Fv2%2Fcomments&post=27423"}],"version-history":[{"count":1,"href":"https:\/\/haberbesiktas.tr\/index.php?rest_route=\/wp\/v2\/posts\/27423\/revisions"}],"predecessor-version":[{"id":27425,"href":"https:\/\/haberbesiktas.tr\/index.php?rest_route=\/wp\/v2\/posts\/27423\/revisions\/27425"}],"wp:featuredmedia":[{"embeddable":true,"href":"https:\/\/haberbesiktas.tr\/index.php?rest_route=\/wp\/v2\/media\/27424"}],"wp:attachment":[{"href":"https:\/\/haberbesiktas.tr\/index.php?rest_route=%2Fwp%2Fv2%2Fmedia&parent=27423"}],"wp:term":[{"taxonomy":"category","embeddable":true,"href":"https:\/\/haberbesiktas.tr\/index.php?rest_route=%2Fwp%2Fv2%2Fcategories&post=27423"},{"taxonomy":"post_tag","embeddable":true,"href":"https:\/\/haberbesiktas.tr\/index.php?rest_route=%2Fwp%2Fv2%2Ftags&post=27423"}],"curies":[{"name":"wp","href":"https:\/\/api.w.org\/{rel}","templated":true}]}}