{"id":27526,"date":"2025-05-07T08:00:24","date_gmt":"2025-05-07T08:00:24","guid":{"rendered":"https:\/\/haberbesiktas.tr\/?p=27526"},"modified":"2025-05-07T08:00:24","modified_gmt":"2025-05-07T08:00:24","slug":"galatasarayda-morata-geri-dondu","status":"publish","type":"post","link":"https:\/\/haberbesiktas.tr\/?p=27526","title":{"rendered":"Galatasaray&#8217;da Morata geri d\u00f6nd\u00fc!"},"content":{"rendered":"<div>S\u00fcper Lig&#8217;de Alanyaspor ile deplasmanda kar\u015f\u0131la\u015fan Galatasaray&#8217;da birinci 11 belirli oldu.<\/p>\n<p> Sar\u0131-k\u0131rm\u0131z\u0131l\u0131larda AZ Alkmaar ile oynanan birinci ma\u00e7ta sakatlanan ve alanlardan uzak kalan Alvaro Morata, Alanyaspor ma\u00e7\u0131yla geri d\u00f6nd\u00fc.<\/p>\n<p> Galatasaray Teknik Y\u00f6neticisi Okan Buruk, sakatl\u0131\u011f\u0131 ge\u00e7en \u0130spanyol golc\u00fcye Alanyaspor ma\u00e7\u0131nda birinci 11&#8217;de forma verdi.<\/p>\n<p> <strong>Galatasaray&#8217;\u0131n birinci 11&#8217;i \u015fu bi\u00e7imde:<\/p>\n<p><img decoding=\"async\" src=\"https:\/\/haberbesiktas.tr\/wp-content\/uploads\/2025\/05\/galatasarayda-morata-geri-dondu-0-i9j5Tr9Y.jpg\"\/><br \/><\/strong><\/p>\n<\/div>\n<p><\/p>\n","protected":false},"excerpt":{"rendered":"<p>Galatasaray&#8217;da AZ Alkmaar ma\u00e7\u0131n\u0131n akabinde sakatl\u0131\u011f\u0131 nedeniyle alanlardan uzak kalan Alvaro Morata, Alanyaspor ma\u00e7\u0131yla birinci 11&#8217;e geri d\u00f6nd\u00fc.<\/p>\n","protected":false},"author":1,"featured_media":27527,"comment_status":"open","ping_status":"open","sticky":false,"template":"","format":"standard","meta":{"footnotes":""},"categories":[25],"tags":[],"class_list":["post-27526","post","type-post","status-publish","format-standard","has-post-thumbnail","hentry","category-futbol"],"_links":{"self":[{"href":"https:\/\/haberbesiktas.tr\/index.php?rest_route=\/wp\/v2\/posts\/27526","targetHints":{"allow":["GET"]}}],"collection":[{"href":"https:\/\/haberbesiktas.tr\/index.php?rest_route=\/wp\/v2\/posts"}],"about":[{"href":"https:\/\/haberbesiktas.tr\/index.php?rest_route=\/wp\/v2\/types\/post"}],"author":[{"embeddable":true,"href":"https:\/\/haberbesiktas.tr\/index.php?rest_route=\/wp\/v2\/users\/1"}],"replies":[{"embeddable":true,"href":"https:\/\/haberbesiktas.tr\/index.php?rest_route=%2Fwp%2Fv2%2Fcomments&post=27526"}],"version-history":[{"count":1,"href":"https:\/\/haberbesiktas.tr\/index.php?rest_route=\/wp\/v2\/posts\/27526\/revisions"}],"predecessor-version":[{"id":27529,"href":"https:\/\/haberbesiktas.tr\/index.php?rest_route=\/wp\/v2\/posts\/27526\/revisions\/27529"}],"wp:featuredmedia":[{"embeddable":true,"href":"https:\/\/haberbesiktas.tr\/index.php?rest_route=\/wp\/v2\/media\/27527"}],"wp:attachment":[{"href":"https:\/\/haberbesiktas.tr\/index.php?rest_route=%2Fwp%2Fv2%2Fmedia&parent=27526"}],"wp:term":[{"taxonomy":"category","embeddable":true,"href":"https:\/\/haberbesiktas.tr\/index.php?rest_route=%2Fwp%2Fv2%2Fcategories&post=27526"},{"taxonomy":"post_tag","embeddable":true,"href":"https:\/\/haberbesiktas.tr\/index.php?rest_route=%2Fwp%2Fv2%2Ftags&post=27526"}],"curies":[{"name":"wp","href":"https:\/\/api.w.org\/{rel}","templated":true}]}}