{"id":27536,"date":"2025-05-07T08:36:22","date_gmt":"2025-05-07T08:36:22","guid":{"rendered":"https:\/\/haberbesiktas.tr\/?p=27536"},"modified":"2025-05-07T08:36:22","modified_gmt":"2025-05-07T08:36:22","slug":"huseyin-eroglu-antrenor-degisikligi-rakipte-reaksiyon-olusturdu","status":"publish","type":"post","link":"https:\/\/haberbesiktas.tr\/?p=27536","title":{"rendered":"H\u00fcseyin Ero\u011flu: &#8220;Antren\u00f6r de\u011fi\u015fikli\u011fi rakipte reaksiyon olu\u015fturdu&#8221;"},"content":{"rendered":"<div>Gen\u00e7lerbirli\u011fi Teknik Y\u00f6neticisi H\u00fcseyin Ero\u011flu, Trendyol 1. Lig&#8217;in 29. haftas\u0131nda Ahlatc\u0131 \u00c7orum FK&#8217;ye 2-1 yenildikleri ma\u00e7ta rakiplerinin kendilerinden daha istekli ve agresif oldu\u011funu s\u00f6yledi.<\/p>\n<p> M\u00fcsabakadan sonra d\u00fczenlenen bas\u0131n toplant\u0131s\u0131nda konu\u015fan Ero\u011flu, yenildikleri i\u00e7in \u00fczg\u00fcn olduklar\u0131n\u0131 aktararak, \u015funlar\u0131 kaydetti:<\/p>\n<p> &#8220;Gelen taraftarlar\u0131m\u0131za galibiyet ikram etmek istiyorduk. Bu hafta \u00fc\u00e7\u00fcnc\u00fc ma\u00e7\u0131m\u0131zd\u0131. Rakibimizde bir antren\u00f6r de\u011fi\u015fikli\u011fi olmu\u015ftu. Bu da bir tepki olu\u015fturdu. Onlar bizden daha agresifti. Birinci yar\u0131da istedi\u011fimiz oyunu bilhassa topa sahip oldu\u011fumuzda oynayamad\u0131k. \u0130kinci yar\u0131da oyun \u00fcst\u00fcnl\u00fc\u011f\u00fcn\u00fc ald\u0131k fakat 2. gol\u00fc yedik. Beraberli\u011fi bulma \u015fanslar\u0131m\u0131z vard\u0131. De\u011ferli bir serimiz vard\u0131 ve sona erdi. Kayb\u0131m\u0131z\u0131 telafi etmek zorunday\u0131z. Amac\u0131m\u0131zdan sapmad\u0131k. Taraftar\u0131m\u0131z bizi desteklesin, d\u00f6nem sonu istedi\u011fimiz amaca ula\u015faca\u011f\u0131z.&#8221;<\/p>\n<p> M\u00fcsabakan\u0131n hakemiyle ilgili gelen soru \u00fczerine Ero\u011flu, &#8220;Ma\u00e7\u0131n oynanma m\u00fchleti \u00e7ok d\u00fc\u015f\u00fckt\u00fc ve yaln\u0131zca 5 dakika uzatma verildi. \u00d6nde olan kadro vakit ge\u00e7iriyor. Yenilgi i\u00e7in mazeret de\u011fil fakat bu mevzuda dikkat edilmeli. Hakemle ilgili s\u00f6ylenecek \u00e7ok \u015fey var lakin a\u015fik\u00e2r \u00f6l\u00e7\u00fcde konu\u015fabiliyoruz. \u00c7ok net verilmeyen fauller vard\u0131. Oyunu so\u011futma var, ikaz yok. Hak etti\u011fimiz fauller verilmedi lakin rakibe kolay fauller verildi. Hakem idaresi hakk\u0131nda tenkit yapabilirim fakat yeniden de biz daha istekli ve co\u015fkulu oynamal\u0131yd\u0131k. Kendisi de ma\u00e7\u0131 seyretti\u011finde idaresini ele\u015ftirecektir.&#8221; tabirlerini kulland\u0131.<\/p>\n<\/div>\n<p><\/p>\n","protected":false},"excerpt":{"rendered":"<p>Gen\u00e7lerbirli\u011fi Teknik Y\u00f6neticisi H\u00fcseyin Ero\u011flu, Trendyol 1. Lig&#8217;in 29. haftas\u0131nda Ahlatc\u0131 \u00c7orum FK&#8217;ye 2-1 yenildikleri ma\u00e7\u0131n akabinde konu\u015ftu.<\/p>\n","protected":false},"author":1,"featured_media":27537,"comment_status":"open","ping_status":"open","sticky":false,"template":"","format":"standard","meta":{"footnotes":""},"categories":[25],"tags":[63],"class_list":["post-27536","post","type-post","status-publish","format-standard","has-post-thumbnail","hentry","category-futbol","tag-hak"],"_links":{"self":[{"href":"https:\/\/haberbesiktas.tr\/index.php?rest_route=\/wp\/v2\/posts\/27536","targetHints":{"allow":["GET"]}}],"collection":[{"href":"https:\/\/haberbesiktas.tr\/index.php?rest_route=\/wp\/v2\/posts"}],"about":[{"href":"https:\/\/haberbesiktas.tr\/index.php?rest_route=\/wp\/v2\/types\/post"}],"author":[{"embeddable":true,"href":"https:\/\/haberbesiktas.tr\/index.php?rest_route=\/wp\/v2\/users\/1"}],"replies":[{"embeddable":true,"href":"https:\/\/haberbesiktas.tr\/index.php?rest_route=%2Fwp%2Fv2%2Fcomments&post=27536"}],"version-history":[{"count":1,"href":"https:\/\/haberbesiktas.tr\/index.php?rest_route=\/wp\/v2\/posts\/27536\/revisions"}],"predecessor-version":[{"id":27538,"href":"https:\/\/haberbesiktas.tr\/index.php?rest_route=\/wp\/v2\/posts\/27536\/revisions\/27538"}],"wp:featuredmedia":[{"embeddable":true,"href":"https:\/\/haberbesiktas.tr\/index.php?rest_route=\/wp\/v2\/media\/27537"}],"wp:attachment":[{"href":"https:\/\/haberbesiktas.tr\/index.php?rest_route=%2Fwp%2Fv2%2Fmedia&parent=27536"}],"wp:term":[{"taxonomy":"category","embeddable":true,"href":"https:\/\/haberbesiktas.tr\/index.php?rest_route=%2Fwp%2Fv2%2Fcategories&post=27536"},{"taxonomy":"post_tag","embeddable":true,"href":"https:\/\/haberbesiktas.tr\/index.php?rest_route=%2Fwp%2Fv2%2Ftags&post=27536"}],"curies":[{"name":"wp","href":"https:\/\/api.w.org\/{rel}","templated":true}]}}