{"id":27542,"date":"2025-05-07T09:00:23","date_gmt":"2025-05-07T09:00:23","guid":{"rendered":"https:\/\/haberbesiktas.tr\/?p=27542"},"modified":"2025-05-07T09:00:23","modified_gmt":"2025-05-07T09:00:23","slug":"recep-ucar-istediklerimizi-yapamadik","status":"publish","type":"post","link":"https:\/\/haberbesiktas.tr\/?p=27542","title":{"rendered":"Recep U\u00e7ar: &#8220;\u0130stediklerimizi yapamad\u0131k&#8221;"},"content":{"rendered":"<div>Trendyol \u00dcst\u00fcn Lig&#8217;in 27. haftas\u0131nda konuk oldu\u011fu ikas Ey\u00fcpspor&#8217;a 2-1 yenilen T\u00dcMOSAN Konyaspor&#8217;da teknik y\u00f6netici Recep U\u00e7ar, ma\u00e7 sonras\u0131 \u00e7\u0131kan olaylar\u0131 tasvip etmedi\u011fini belirtti.<\/p>\n<p> Recep U\u00e7ar, kar\u015f\u0131la\u015fman\u0131n akabinde Recep Tayyip Erdo\u011fan Stad\u0131&#8217;nda bas\u0131n mensuplar\u0131na a\u00e7\u0131klamalarda bulundu.<\/p>\n<p> Ligin sonuna yakla\u015ft\u0131k\u00e7a ma\u00e7lar\u0131n zorluk ve gerilim d\u00fczeyinin artt\u0131\u011f\u0131n\u0131 belirten U\u00e7ar, &#8220;Sivasspor&#8217;dan ald\u0131\u011f\u0131m\u0131z 1 puan ve Trabzonspor&#8217;dan ald\u0131\u011f\u0131m\u0131z galibiyetin bize verdi\u011fi olumlu g\u00fc\u00e7le buraya geldik. Gayemiz burada puanlar almakt\u0131. Birinci yar\u0131 savunma ve atak manas\u0131nda istediklerimizi yapamad\u0131k. \u00c7ok \u00fcretken olamad\u0131k. Rakibe de fazla durum vermedik. Yedi\u011fimiz bir penalt\u0131 gol\u00fc var. Sonras\u0131nda Adil Demirba\u011f ile duran toptan durum bulduk. Devre bu t\u00fcrl\u00fc sonland\u0131. \u0130kinci yar\u0131ya oyunu ve oyuncuyu de\u011fi\u015ftirerek ba\u015flad\u0131k. Bunun olumlu tesirlerini g\u00f6rd\u00fck. Gol\u00fc biz kovalarken kornerden yedi\u011fimiz gol var. Sonras\u0131nda kazanmak i\u00e7in at\u0131l\u0131mlar yapt\u0131k. \u00c7ift forvete d\u00f6nd\u00fc\u011f\u00fcm\u00fcz devirde durumlar ka\u00e7\u0131rd\u0131k. Bug\u00fcn buradan \u00e2l\u00e2 bir sonu\u00e7la d\u00f6nmek istemi\u015ftik. Hafta sonu konutumuzda oynayaca\u011f\u0131m\u0131z Be\u015fikta\u015f ma\u00e7\u0131 var. Kalan k\u0131s\u0131mda daha \u00e2l\u00e2 skorlar alarak ligi bitirmek istiyoruz.&#8221; tabirlerini kulland\u0131.<\/p>\n<p> <strong>&#8220;Ligin devam\u0131 kolay ge\u00e7meyecek&#8221;<\/strong><\/p>\n<p> Bu hafta k\u00fcme d\u00fc\u015fmeme \u00e7abas\u0131 veren rakiplerinin kazand\u0131\u011f\u0131n\u0131 belirten 49 ya\u015f\u0131ndaki teknik y\u00f6netici, &#8220;Ligin devam\u0131 kolay ge\u00e7meyecek. Herkes kazanmak istiyor. Biz de kazanmak istiyoruz. Bizim i\u00e7 alanda oynayaca\u011f\u0131m\u0131z ma\u00e7 say\u0131s\u0131 daha fazla. Onlar\u0131 kazan\u0131p ge\u00e7en sene g\u00f6rd\u00fc\u011f\u00fcm\u00fcz deh\u015fetli r\u00fcyay\u0131 g\u00f6rmek istemiyoruz.&#8221; diye konu\u015ftu.<\/p>\n<p> Ma\u00e7 sonras\u0131 \u00e7\u0131kan arbedeye de\u011finen U\u00e7ar, &#8220;Hi\u00e7bir vakit hengameden ve adaletsizlikten yana olmad\u0131m. Daima saha i\u00e7inde kalmaya \u00e7al\u0131\u015ft\u0131m. Tasvip etmedi\u011fimiz olaylar oldu. Olaya hakim de\u011filim. Birbirimize h\u00fcrmet duymam\u0131z laz\u0131m. Biz, Ey\u00fcpspor&#8217;u 2 sefer yendik. Bug\u00fcn de onlar bizi yendi. Ma\u00e7lar kazan\u0131l\u0131r yahut kaybedilir. Cenaze konutunda d\u00fc\u011f\u00fcn olmaz. Esasen \u00fczg\u00fcn\u00fcz. Onlar\u0131n kazanan grup olarak daha denetimli ve niyetli hareket etmesi laz\u0131m.&#8221; formunda g\u00f6r\u00fc\u015f belirtti.<\/p>\n<\/div>\n<p><\/p>\n","protected":false},"excerpt":{"rendered":"<p>Konyaspor Teknik Y\u00f6neticisi Recep U\u00e7ar, Ey\u00fcpspor ma\u00e7\u0131 sonras\u0131 konu\u015ftu.<\/p>\n","protected":false},"author":1,"featured_media":27543,"comment_status":"open","ping_status":"open","sticky":false,"template":"","format":"standard","meta":{"footnotes":""},"categories":[25],"tags":[50],"class_list":["post-27542","post","type-post","status-publish","format-standard","has-post-thumbnail","hentry","category-futbol","tag-mac"],"_links":{"self":[{"href":"https:\/\/haberbesiktas.tr\/index.php?rest_route=\/wp\/v2\/posts\/27542","targetHints":{"allow":["GET"]}}],"collection":[{"href":"https:\/\/haberbesiktas.tr\/index.php?rest_route=\/wp\/v2\/posts"}],"about":[{"href":"https:\/\/haberbesiktas.tr\/index.php?rest_route=\/wp\/v2\/types\/post"}],"author":[{"embeddable":true,"href":"https:\/\/haberbesiktas.tr\/index.php?rest_route=\/wp\/v2\/users\/1"}],"replies":[{"embeddable":true,"href":"https:\/\/haberbesiktas.tr\/index.php?rest_route=%2Fwp%2Fv2%2Fcomments&post=27542"}],"version-history":[{"count":1,"href":"https:\/\/haberbesiktas.tr\/index.php?rest_route=\/wp\/v2\/posts\/27542\/revisions"}],"predecessor-version":[{"id":27544,"href":"https:\/\/haberbesiktas.tr\/index.php?rest_route=\/wp\/v2\/posts\/27542\/revisions\/27544"}],"wp:featuredmedia":[{"embeddable":true,"href":"https:\/\/haberbesiktas.tr\/index.php?rest_route=\/wp\/v2\/media\/27543"}],"wp:attachment":[{"href":"https:\/\/haberbesiktas.tr\/index.php?rest_route=%2Fwp%2Fv2%2Fmedia&parent=27542"}],"wp:term":[{"taxonomy":"category","embeddable":true,"href":"https:\/\/haberbesiktas.tr\/index.php?rest_route=%2Fwp%2Fv2%2Fcategories&post=27542"},{"taxonomy":"post_tag","embeddable":true,"href":"https:\/\/haberbesiktas.tr\/index.php?rest_route=%2Fwp%2Fv2%2Ftags&post=27542"}],"curies":[{"name":"wp","href":"https:\/\/api.w.org\/{rel}","templated":true}]}}