{"id":27545,"date":"2025-05-07T09:12:30","date_gmt":"2025-05-07T09:12:30","guid":{"rendered":"https:\/\/haberbesiktas.tr\/?p=27545"},"modified":"2025-05-07T09:12:30","modified_gmt":"2025-05-07T09:12:30","slug":"okan-buruktan-fenerbahce-maci-aciklamasi","status":"publish","type":"post","link":"https:\/\/haberbesiktas.tr\/?p=27545","title":{"rendered":"Okan Buruk&#8217;tan Fenerbah\u00e7e ma\u00e7\u0131 a\u00e7\u0131klamas\u0131!"},"content":{"rendered":"<div>Galatasaray Teknik Y\u00f6neticisi Okan Buruk, Trendyol Muhte\u015fem Lig&#8217;in 27. haftas\u0131nda Corendon Alanyaspor ile oynayacaklar\u0131 ma\u00e7 \u00f6ncesi a\u00e7\u0131klamalar yapt\u0131.<\/p>\n<p>Ligdeki 100. ma\u00e7\u0131na \u00e7\u0131kt\u0131\u011f\u0131n\u0131 vurgulayan Okan Buruk, <strong>&#8220;<\/strong><span><span><strong>100. ma\u00e7\u0131m ligdeki, her ma\u00e7 bizim i\u00e7in bir deneyim. Bir\u00e7ok deneyim ya\u015f\u0131yoruz. Kendimize inan\u00e7la bak\u0131yoruz, gruba itimatla bak\u0131yorum. Ba\u015f\u0131mda hi\u00e7bir soru i\u015fareti yok. Bir kamp yapt\u0131k. Havay\u0131 de\u011fi\u015ftirdik ve birlikte \u00e7al\u0131\u015fmak istedik. Uzun ortadan sonra bo\u015f bir hafta ge\u00e7irdik zira. Birinci kere bu t\u00fcrl\u00fc bir bo\u015fluk yakalad\u0131k. Kamp \u00e7ok ho\u015f ge\u00e7ti. Oyuncular\u0131n performanslar\u0131 \u00e7ok g\u00fczeldi. Yeni oyuncular\u0131m\u0131z var. Onlar\u0131n da adaptasyonu i\u00e7in k\u0131ymetli. Asl\u0131nda d\u00fc\u015f\u00fcnd\u00fc\u011f\u00fcm\u00fcz bir \u015feydi kampt\u0131. Bu haftaya denk geldi, bizim i\u00e7in yeterli oldu. Bu performans\u0131 oyunculardan bekleyece\u011fiz,\u00a0isteyece\u011fiz.&#8221;<\/strong>dedi.\u00a0<\/span><\/span> <br \/><strong>&#8220;O ORTAYI 10 PUAN FARKLA GE\u00c7MEK \u0130ST\u0130YORUZ&#8221;<\/strong><\/p>\n<p> Okan Buruk, <strong>&#8220;Kalitemizi ortaya koymam\u0131z gerekiyor. \u0130ste\u011fimizi, y\u00fcre\u011fimizi ortaya koymal\u0131y\u0131z. Ma\u00e7 kazanacak aksiyonlar\u0131 ger\u00e7ek bir halde yapmam\u0131z gerekiyor. \u00c7ok ho\u015f bir taban. Ak\u015fam ma\u00e7\u0131, g\u00fcnd\u00fcz ma\u00e7\u0131 ge\u00e7en hafta oynad\u0131k, daha g\u00fc\u00e7 bir yerdi, ona nazaran farkl\u0131 bir oyun olacakt\u0131r. Haftada bir ma\u00e7\u0131m\u0131z var. Cuma g\u00fcn\u00fc oynayaca\u011f\u0131z sonra. Bu iki ma\u00e7\u0131 kazan\u0131p o ortay\u0131 10 puan farkla ge\u00e7mek istiyoruz. \u015eu andaki amac\u0131m\u0131z bu.&#8221;<\/strong> s\u00f6zlerini kulland\u0131.<br \/><strong><br \/>&#8220;YUNUS KUL\u00dcBEDEN GELECEK&#8221;<\/strong><\/p>\n<p> Okan Buruk, <strong>&#8220;Yunus sakatl\u0131ktan \u00e7\u0131kt\u0131 ancak zorluyor bazen, a\u011fr\u0131lar\u0131 var vakit zaman. Oynamay\u0131 \u00e7ok istiyor. Onun i\u00e7in \u00e7ok d\u00fc\u015f\u00fcnd\u00fck. \u00c7ok oynamak istedi fakat devam\u0131nda gelecek oyuncular da de\u011ferli. Son haftalarda bunun kahr\u0131n\u0131 ya\u015fad\u0131k. Yunus da kul\u00fcbeden gelecek.&#8221;<\/strong> a\u00e7\u0131klamas\u0131n\u0131 yapt\u0131.<br \/><strong><br \/>&#8220;JAKOBS DI\u015eINDA EKS\u0130K YOK&#8221;<\/strong><\/p>\n<p> &#8211; Okan Buruk,\u00a0<strong>&#8220;Ismail Jakobs d\u0131\u015f\u0131nda eksi\u011fimiz yok uzun m\u00fchlet sonra. Bu da bizim i\u00e7in k\u0131ymetli. O da d\u00f6nd\u00fc\u011f\u00fcnde, tam ekip oldu\u011fumuzda daha g\u00fc\u00e7lenece\u011fiz. \u015eimdilik s\u00f6yleyeceklerim bu kadar.&#8221; <\/strong>dedi.<\/p>\n<p><strong>&#8220;O PARANIN YARISINI S\u0130ZDEN ALACA\u011eIM&#8221;<\/strong><\/p>\n<p><span>Okan Buruk, <strong>&#8220;Fenerbah\u00e7e ma\u00e7\u0131ndan sonra ceza ald\u0131m. O paran\u0131n yar\u0131s\u0131n\u0131 sizden (beIN Sports Muhabiri) alaca\u011f\u0131m. T\u00fcrk futbolunun marka pahas\u0131n\u0131 d\u00fc\u015f\u00fcrm\u00fc\u015f\u00fcm! Konu\u015fman\u0131n yasak oldu\u011funu bilmiyordum. O y\u00fczden o paran\u0131n yar\u0131s\u0131n\u0131 sizden alaca\u011f\u0131m.\u00a0(G\u00fclerek)&#8221;<\/strong> kelamlar\u0131n\u0131 sarf etti.<\/span><\/p>\n<p> <span><br \/><\/span><\/div>\n<p><\/p>\n","protected":false},"excerpt":{"rendered":"<p>Galatasaray Teknik Y\u00f6neticisi Okan Buruk, Trendyol \u00dcst\u00fcn Lig&#8217;in 27. haftas\u0131nda Corendon Alanyaspor ile oynayacaklar\u0131 ma\u00e7 \u00f6ncesi a\u00e7\u0131klamalarda bulundu.<\/p>\n","protected":false},"author":1,"featured_media":27546,"comment_status":"open","ping_status":"open","sticky":false,"template":"","format":"standard","meta":{"footnotes":""},"categories":[25],"tags":[50,208,43],"class_list":["post-27545","post","type-post","status-publish","format-standard","has-post-thumbnail","hentry","category-futbol","tag-mac","tag-okan-buruk","tag-oyun"],"_links":{"self":[{"href":"https:\/\/haberbesiktas.tr\/index.php?rest_route=\/wp\/v2\/posts\/27545","targetHints":{"allow":["GET"]}}],"collection":[{"href":"https:\/\/haberbesiktas.tr\/index.php?rest_route=\/wp\/v2\/posts"}],"about":[{"href":"https:\/\/haberbesiktas.tr\/index.php?rest_route=\/wp\/v2\/types\/post"}],"author":[{"embeddable":true,"href":"https:\/\/haberbesiktas.tr\/index.php?rest_route=\/wp\/v2\/users\/1"}],"replies":[{"embeddable":true,"href":"https:\/\/haberbesiktas.tr\/index.php?rest_route=%2Fwp%2Fv2%2Fcomments&post=27545"}],"version-history":[{"count":1,"href":"https:\/\/haberbesiktas.tr\/index.php?rest_route=\/wp\/v2\/posts\/27545\/revisions"}],"predecessor-version":[{"id":27547,"href":"https:\/\/haberbesiktas.tr\/index.php?rest_route=\/wp\/v2\/posts\/27545\/revisions\/27547"}],"wp:featuredmedia":[{"embeddable":true,"href":"https:\/\/haberbesiktas.tr\/index.php?rest_route=\/wp\/v2\/media\/27546"}],"wp:attachment":[{"href":"https:\/\/haberbesiktas.tr\/index.php?rest_route=%2Fwp%2Fv2%2Fmedia&parent=27545"}],"wp:term":[{"taxonomy":"category","embeddable":true,"href":"https:\/\/haberbesiktas.tr\/index.php?rest_route=%2Fwp%2Fv2%2Fcategories&post=27545"},{"taxonomy":"post_tag","embeddable":true,"href":"https:\/\/haberbesiktas.tr\/index.php?rest_route=%2Fwp%2Fv2%2Ftags&post=27545"}],"curies":[{"name":"wp","href":"https:\/\/api.w.org\/{rel}","templated":true}]}}