{"id":27703,"date":"2025-05-07T18:24:08","date_gmt":"2025-05-07T18:24:08","guid":{"rendered":"https:\/\/haberbesiktas.tr\/?p=27703"},"modified":"2025-05-07T18:24:08","modified_gmt":"2025-05-07T18:24:08","slug":"kadinlar-dunya-boks-sampiyonasi-sirbistanda-basladi","status":"publish","type":"post","link":"https:\/\/haberbesiktas.tr\/?p=27703","title":{"rendered":"Kad\u0131nlar D\u00fcnya Boks \u015eampiyonas\u0131, S\u0131rbistan&#8217;da ba\u015flad\u0131"},"content":{"rendered":"<p>S\u0131rbistan&#8217;da d\u00fczenlenen Bayanlar D\u00fcnya Boks \u015eampiyonas\u0131&#8217;nda kar\u015f\u0131la\u015fmalar ba\u015flad\u0131.<\/p>\n<p> A\u00e7\u0131l\u0131\u015f merasimi d\u00fcn ger\u00e7ekle\u015ftirilen tertipte bug\u00fcn kar\u015f\u0131la\u015fmalara ge\u00e7ildi.<\/p>\n<p> Ni\u015f kentindeki kar\u015f\u0131la\u015fmalar\u0131n birinci g\u00fcn\u00fcnde ringe \u00e7\u0131kan 2 ulusal boks\u00f6r de \u00e7e\u015fit atlad\u0131.<\/p>\n<p> 50 kiloda \u00e7aba eden Ay\u015fen Ta\u015fk\u0131n, Etiyopyal\u0131 rakibi Werkneshi Wada&#8217;y\u0131 ikinci rauntta RSC ile ma\u011flup ederek turlad\u0131.<\/p>\n<p> T\u00fcrkiye&#8217;yi +81 kiloda temsil eden Elif G\u00fcneri de \u0130rlanda&#8217;dan Judy Bobbett&#8217;i 5-0 yenerek ismini bir \u00fcst tipe yazd\u0131rd\u0131.<\/p>\n<p> \u015eampiyona, 16 Mart Pazar g\u00fcn\u00fc sona erecek.<\/p>\n","protected":false},"excerpt":{"rendered":"<p>Ulusal boks\u00f6rler Ay\u015fen Ta\u015fk\u0131n ve Elif G\u00fcneri, bir \u00fcst \u00e7e\u015fide y\u00fckseldi.<\/p>\n","protected":false},"author":1,"featured_media":27704,"comment_status":"open","ping_status":"open","sticky":false,"template":"","format":"standard","meta":{"footnotes":""},"categories":[27],"tags":[],"class_list":["post-27703","post","type-post","status-publish","format-standard","has-post-thumbnail","hentry","category-guncel-haberler"],"_links":{"self":[{"href":"https:\/\/haberbesiktas.tr\/index.php?rest_route=\/wp\/v2\/posts\/27703","targetHints":{"allow":["GET"]}}],"collection":[{"href":"https:\/\/haberbesiktas.tr\/index.php?rest_route=\/wp\/v2\/posts"}],"about":[{"href":"https:\/\/haberbesiktas.tr\/index.php?rest_route=\/wp\/v2\/types\/post"}],"author":[{"embeddable":true,"href":"https:\/\/haberbesiktas.tr\/index.php?rest_route=\/wp\/v2\/users\/1"}],"replies":[{"embeddable":true,"href":"https:\/\/haberbesiktas.tr\/index.php?rest_route=%2Fwp%2Fv2%2Fcomments&post=27703"}],"version-history":[{"count":1,"href":"https:\/\/haberbesiktas.tr\/index.php?rest_route=\/wp\/v2\/posts\/27703\/revisions"}],"predecessor-version":[{"id":27705,"href":"https:\/\/haberbesiktas.tr\/index.php?rest_route=\/wp\/v2\/posts\/27703\/revisions\/27705"}],"wp:featuredmedia":[{"embeddable":true,"href":"https:\/\/haberbesiktas.tr\/index.php?rest_route=\/wp\/v2\/media\/27704"}],"wp:attachment":[{"href":"https:\/\/haberbesiktas.tr\/index.php?rest_route=%2Fwp%2Fv2%2Fmedia&parent=27703"}],"wp:term":[{"taxonomy":"category","embeddable":true,"href":"https:\/\/haberbesiktas.tr\/index.php?rest_route=%2Fwp%2Fv2%2Fcategories&post=27703"},{"taxonomy":"post_tag","embeddable":true,"href":"https:\/\/haberbesiktas.tr\/index.php?rest_route=%2Fwp%2Fv2%2Ftags&post=27703"}],"curies":[{"name":"wp","href":"https:\/\/api.w.org\/{rel}","templated":true}]}}