{"id":27709,"date":"2025-05-07T18:48:10","date_gmt":"2025-05-07T18:48:10","guid":{"rendered":"https:\/\/haberbesiktas.tr\/?p=27709"},"modified":"2025-05-07T18:48:10","modified_gmt":"2025-05-07T18:48:10","slug":"turkiye-bisiklet-federasyonu-baskani-emin-muftuoglu-uci-yonetimine-ikinci-kez-aday","status":"publish","type":"post","link":"https:\/\/haberbesiktas.tr\/?p=27709","title":{"rendered":"T\u00fcrkiye Bisiklet Federasyonu Ba\u015fkan\u0131 Emin M\u00fcft\u00fco\u011flu, UCI y\u00f6netimine ikinci kez aday"},"content":{"rendered":"<p>T\u00fcrkiye Bisiklet Federasyonu Lideri Emin M\u00fcft\u00fco\u011flu, Uluslararas\u0131 Bisiklet Birli\u011fi (UCI) \u0130dare Konseyi \u00dcyeli\u011fi i\u00e7in belirlenen 10 aday ortas\u0131nda yer ald\u0131.<\/p>\n<p> Avrupa Bisiklet Birli\u011finin (UEC) Slovakya&#8217;n\u0131n ba\u015f\u015fehri Bratislava&#8217;da ger\u00e7ekle\u015ftirilen 37. Kongresi&#8217;nde, UCI Y\u00f6netim Kurulu \u00dcyeli\u011fi i\u00e7in 10 aday belirlendi.<\/p>\n<p> T\u00fcrkiye Bisiklet Federasyonu Ba\u015fkan\u0131 M\u00fcft\u00fco\u011flu, 49 \u00fclkenin 43&#8217;\u00fcn\u00fcn oyunu alarak 10 isim ortas\u0131na girmeyi ba\u015fard\u0131.<\/p>\n<p> Ruanda&#8217;n\u0131n ba\u015f\u015fehri Kigali&#8217;de 27 Eyl\u00fcl&#8217;de yap\u0131lacak UCI Kongresi&#8217;nde, Avrupa&#8217;y\u0131 temsil edecek 2 bayan ve 5 erkek \u00fcye se\u00e7ilecek.<\/p>\n<p> 2013-2016 y\u0131llar\u0131 aras\u0131nda UCI Y\u00f6netim Kurulu \u00dcyeli\u011fi ve D\u00fcnya Da\u011f Bisikleti Komite Ba\u015fkanl\u0131\u011f\u0131 yapan Emin M\u00fcft\u00fco\u011flu, birebir vakitte ikinci defa se\u00e7ildi\u011fi Balkan Bisiklet Birli\u011fi Ba\u015fkanl\u0131\u011f\u0131 vazifesini y\u00fcr\u00fct\u00fcyor.<\/p>\n<p> UCI \u0130dare Heyeti&#8217;ne, Avrupa k\u0131tas\u0131n\u0131 temsilen aday olarak se\u00e7ilen isimler \u015f\u00f6yle:<\/p>\n<p> Agata Lang (Polonya), Cattaneo Rocco (\u0130svi\u00e7re), Emin M\u00fcft\u00fco\u011flu (T\u00fcrkiye), Jensen Henrik Jess (Danimarka), Jose Vicioso Soto (\u0130spanya), Katerina Nash (\u00c7ekya), Michel Callot (Fransa), Pavel Mardonovic (Slovenya), Serena Danesi (\u0130talya), Tom Van Damme (Bel\u00e7ika).<\/p>\n","protected":false},"excerpt":{"rendered":"<p>T\u00fcrkiye Bisiklet Federasyonu Lideri Emin M\u00fcft\u00fco\u011flu, y\u00f6netim kurulu \u00fcyeli\u011fi i\u00e7in belirlenen 10 aday ortas\u0131nda yer ald\u0131.<\/p>\n","protected":false},"author":1,"featured_media":27710,"comment_status":"open","ping_status":"open","sticky":false,"template":"","format":"standard","meta":{"footnotes":""},"categories":[27],"tags":[489,2399],"class_list":["post-27709","post","type-post","status-publish","format-standard","has-post-thumbnail","hentry","category-guncel-haberler","tag-bisiklet","tag-uci"],"_links":{"self":[{"href":"https:\/\/haberbesiktas.tr\/index.php?rest_route=\/wp\/v2\/posts\/27709","targetHints":{"allow":["GET"]}}],"collection":[{"href":"https:\/\/haberbesiktas.tr\/index.php?rest_route=\/wp\/v2\/posts"}],"about":[{"href":"https:\/\/haberbesiktas.tr\/index.php?rest_route=\/wp\/v2\/types\/post"}],"author":[{"embeddable":true,"href":"https:\/\/haberbesiktas.tr\/index.php?rest_route=\/wp\/v2\/users\/1"}],"replies":[{"embeddable":true,"href":"https:\/\/haberbesiktas.tr\/index.php?rest_route=%2Fwp%2Fv2%2Fcomments&post=27709"}],"version-history":[{"count":1,"href":"https:\/\/haberbesiktas.tr\/index.php?rest_route=\/wp\/v2\/posts\/27709\/revisions"}],"predecessor-version":[{"id":27711,"href":"https:\/\/haberbesiktas.tr\/index.php?rest_route=\/wp\/v2\/posts\/27709\/revisions\/27711"}],"wp:featuredmedia":[{"embeddable":true,"href":"https:\/\/haberbesiktas.tr\/index.php?rest_route=\/wp\/v2\/media\/27710"}],"wp:attachment":[{"href":"https:\/\/haberbesiktas.tr\/index.php?rest_route=%2Fwp%2Fv2%2Fmedia&parent=27709"}],"wp:term":[{"taxonomy":"category","embeddable":true,"href":"https:\/\/haberbesiktas.tr\/index.php?rest_route=%2Fwp%2Fv2%2Fcategories&post=27709"},{"taxonomy":"post_tag","embeddable":true,"href":"https:\/\/haberbesiktas.tr\/index.php?rest_route=%2Fwp%2Fv2%2Ftags&post=27709"}],"curies":[{"name":"wp","href":"https:\/\/api.w.org\/{rel}","templated":true}]}}