{"id":27712,"date":"2025-05-07T19:00:14","date_gmt":"2025-05-07T19:00:14","guid":{"rendered":"https:\/\/haberbesiktas.tr\/?p=27712"},"modified":"2025-05-07T19:00:14","modified_gmt":"2025-05-07T19:00:14","slug":"ingilterede-gundem-mourinho-ve-fenerbahce","status":"publish","type":"post","link":"https:\/\/haberbesiktas.tr\/?p=27712","title":{"rendered":"\u0130ngiltere&#8217;de g\u00fcndem Mourinho ve Fenerbah\u00e7e!"},"content":{"rendered":"<div>Fenerbah\u00e7e Teknik Y\u00f6neticisi Jose Mourinho&#8217;nun bu d\u00f6nem s\u00f6yledi\u011fi, &#8220;We are clean&#8221; (Biz temiziz) s\u00f6zleri g\u00fcndem yaratmaya devam ediyor.<\/p>\n<p> Sar\u0131-lacivertli kul\u00fcp, ge\u00e7ti\u011fimiz g\u00fcnlerde Mourinho&#8217;nun bu kelamlar\u0131n\u0131n yer ald\u0131\u011f\u0131 bir ti\u015f\u00f6rt sat\u0131\u015fa sunmu\u015ftu.<\/p>\n<p> Mourinho&#8217;nun bu kelam\u0131 ve ti\u015f\u00f6rt\u00fc \u0130ngiltere&#8217;de de g\u00fcndem yaratt\u0131. \u0130ngiliz gazeteci Gary Cotterill, Sky Sports&#8217;ta canl\u0131 yay\u0131na Fenerbah\u00e7e&#8217;nin ma\u011fazas\u0131 olan Fenerium taraf\u0131ndan \u00fcretilen We are Clean s\u00f6zleri ile \u00e7\u0131kt\u0131. Cotterill, Mourinho ile m\u00fcsabakalar\u0131n\u0131 ve Muhte\u015fem Lig&#8217;e dair kan\u0131lar\u0131n\u0131 payla\u015ft\u0131.<\/p>\n<p> Cotterill, <strong>&#8220;Jose Mourinho ile u\u00e7aktan indikten sonra ring otob\u00fcs\u00fcnde kar\u015f\u0131la\u015ft\u0131k ve ban bu ti\u015f\u00f6rt\u00fc ikram etti. Fenerbah\u00e7e d\u00fckkan\u0131ndan \u00e7\u0131km\u0131\u015f \u00fczereyim. &#8216;Biz temiziz&#8217; Bu adeta Jose hakk\u0131ndaki savlara bir kar\u015f\u0131l\u0131k \u00fczere ve Fenerbah\u00e7e taraftarlar\u0131n\u0131n g\u00f6r\u00fc\u015f\u00fcn\u00fc anlatan bir c\u00fcmle. T\u00fcrk futbol hiyerar\u015fisinde bir tarafl\u0131l\u0131k var. Galatasaray&#8217;dan yana ve Fenerbah\u00e7e&#8217;ye kar\u015f\u0131. Bu y\u00fczden bu t\u00fcrl\u00fc bir ti\u015f\u00f6rt var&#8221;<\/strong> diye konu\u015ftu.<\/p>\n<\/div>\n<p><\/p>\n","protected":false},"excerpt":{"rendered":"<p>\u0130ngiliz gazeteci Gary Cotterill, Sky Sports canl\u0131 yay\u0131n\u0131na Fenerbah\u00e7e&#8217;nin ge\u00e7ti\u011fimiz g\u00fcnlerde sat\u0131\u015fa sundu\u011fu &#8220;We are clean&#8221; ti\u015f\u00f6rt\u00fc ile \u00e7\u0131kt\u0131.<\/p>\n","protected":false},"author":1,"featured_media":27713,"comment_status":"open","ping_status":"open","sticky":false,"template":"","format":"standard","meta":{"footnotes":""},"categories":[25],"tags":[115,704],"class_list":["post-27712","post","type-post","status-publish","format-standard","has-post-thumbnail","hentry","category-futbol","tag-fenerbahce","tag-mourinho"],"_links":{"self":[{"href":"https:\/\/haberbesiktas.tr\/index.php?rest_route=\/wp\/v2\/posts\/27712","targetHints":{"allow":["GET"]}}],"collection":[{"href":"https:\/\/haberbesiktas.tr\/index.php?rest_route=\/wp\/v2\/posts"}],"about":[{"href":"https:\/\/haberbesiktas.tr\/index.php?rest_route=\/wp\/v2\/types\/post"}],"author":[{"embeddable":true,"href":"https:\/\/haberbesiktas.tr\/index.php?rest_route=\/wp\/v2\/users\/1"}],"replies":[{"embeddable":true,"href":"https:\/\/haberbesiktas.tr\/index.php?rest_route=%2Fwp%2Fv2%2Fcomments&post=27712"}],"version-history":[{"count":1,"href":"https:\/\/haberbesiktas.tr\/index.php?rest_route=\/wp\/v2\/posts\/27712\/revisions"}],"predecessor-version":[{"id":27714,"href":"https:\/\/haberbesiktas.tr\/index.php?rest_route=\/wp\/v2\/posts\/27712\/revisions\/27714"}],"wp:featuredmedia":[{"embeddable":true,"href":"https:\/\/haberbesiktas.tr\/index.php?rest_route=\/wp\/v2\/media\/27713"}],"wp:attachment":[{"href":"https:\/\/haberbesiktas.tr\/index.php?rest_route=%2Fwp%2Fv2%2Fmedia&parent=27712"}],"wp:term":[{"taxonomy":"category","embeddable":true,"href":"https:\/\/haberbesiktas.tr\/index.php?rest_route=%2Fwp%2Fv2%2Fcategories&post=27712"},{"taxonomy":"post_tag","embeddable":true,"href":"https:\/\/haberbesiktas.tr\/index.php?rest_route=%2Fwp%2Fv2%2Ftags&post=27712"}],"curies":[{"name":"wp","href":"https:\/\/api.w.org\/{rel}","templated":true}]}}