{"id":27718,"date":"2025-05-07T19:24:14","date_gmt":"2025-05-07T19:24:14","guid":{"rendered":"https:\/\/haberbesiktas.tr\/?p=27718"},"modified":"2025-05-07T19:24:14","modified_gmt":"2025-05-07T19:24:14","slug":"fatih-terim-sampiyonluk-galatasarayin-hakki","status":"publish","type":"post","link":"https:\/\/haberbesiktas.tr\/?p=27718","title":{"rendered":"Fatih Terim: &#8220;\u015eampiyonluk Galatasaray&#8217;\u0131n hakk\u0131!&#8221;"},"content":{"rendered":"<div>Al-Shabab Teknik Y\u00f6neticisi Fatih Terim, TRT Spor&#8217;a a\u00e7\u0131klamalarda bulundu.<\/p>\n<p> &#8220;<strong>Galatasaray \u00f6zlenmez mi&#8230;<\/strong>&#8221; diyen Fatih Terim, &#8220;<strong>\u015eampiyonluk Galatasaray&#8217;\u0131n hakk\u0131.<\/strong>&#8221; yorumunu yapt\u0131.<\/p>\n<p> Yabanc\u0131 hakem tart\u0131\u015fmas\u0131yla ilgili olarak Fatih Terim, &#8220;H<strong>akem ya yeterlidir ya de\u011fildir. Yabanc\u0131 yahut yerli fark etmez!<\/strong>&#8221; yan\u0131t\u0131n\u0131 verdi.<\/p>\n<p> Fatih Terim&#8217;in a\u00e7\u0131klamalar\u0131n\u0131n tamam\u0131 Pazartesi 18.30&#8217;da TRT Spor&#8217;da olacak.<\/p>\n<\/div>\n<p><\/p>\n","protected":false},"excerpt":{"rendered":"<p>Fatih Terim, \u00dcst\u00fcn Lig&#8217;deki \u015fampiyonluk yar\u0131\u015f\u0131n\u0131 k\u0131ymetlendirdi. \u0130\u015fte Terim&#8217;in kelamlar\u0131&#8230;<\/p>\n","protected":false},"author":1,"featured_media":27719,"comment_status":"open","ping_status":"open","sticky":false,"template":"","format":"standard","meta":{"footnotes":""},"categories":[25],"tags":[],"class_list":["post-27718","post","type-post","status-publish","format-standard","has-post-thumbnail","hentry","category-futbol"],"_links":{"self":[{"href":"https:\/\/haberbesiktas.tr\/index.php?rest_route=\/wp\/v2\/posts\/27718","targetHints":{"allow":["GET"]}}],"collection":[{"href":"https:\/\/haberbesiktas.tr\/index.php?rest_route=\/wp\/v2\/posts"}],"about":[{"href":"https:\/\/haberbesiktas.tr\/index.php?rest_route=\/wp\/v2\/types\/post"}],"author":[{"embeddable":true,"href":"https:\/\/haberbesiktas.tr\/index.php?rest_route=\/wp\/v2\/users\/1"}],"replies":[{"embeddable":true,"href":"https:\/\/haberbesiktas.tr\/index.php?rest_route=%2Fwp%2Fv2%2Fcomments&post=27718"}],"version-history":[{"count":1,"href":"https:\/\/haberbesiktas.tr\/index.php?rest_route=\/wp\/v2\/posts\/27718\/revisions"}],"predecessor-version":[{"id":27720,"href":"https:\/\/haberbesiktas.tr\/index.php?rest_route=\/wp\/v2\/posts\/27718\/revisions\/27720"}],"wp:featuredmedia":[{"embeddable":true,"href":"https:\/\/haberbesiktas.tr\/index.php?rest_route=\/wp\/v2\/media\/27719"}],"wp:attachment":[{"href":"https:\/\/haberbesiktas.tr\/index.php?rest_route=%2Fwp%2Fv2%2Fmedia&parent=27718"}],"wp:term":[{"taxonomy":"category","embeddable":true,"href":"https:\/\/haberbesiktas.tr\/index.php?rest_route=%2Fwp%2Fv2%2Fcategories&post=27718"},{"taxonomy":"post_tag","embeddable":true,"href":"https:\/\/haberbesiktas.tr\/index.php?rest_route=%2Fwp%2Fv2%2Ftags&post=27718"}],"curies":[{"name":"wp","href":"https:\/\/api.w.org\/{rel}","templated":true}]}}