{"id":27726,"date":"2025-05-07T19:48:14","date_gmt":"2025-05-07T19:48:14","guid":{"rendered":"https:\/\/haberbesiktas.tr\/?p=27726"},"modified":"2025-05-07T19:48:14","modified_gmt":"2025-05-07T19:48:14","slug":"trabzonsporda-ayrilik-gozuktu","status":"publish","type":"post","link":"https:\/\/haberbesiktas.tr\/?p=27726","title":{"rendered":"Trabzonspor&#8217;da ayr\u0131l\u0131k g\u00f6z\u00fckt\u00fc!"},"content":{"rendered":"<div>\u0130ni\u015fli \u00e7\u0131k\u0131\u015fl\u0131 bir grafik sergileyen Trabzonspor&#8217;un son olarak Trendyol S\u00fcper Lig&#8217;de meskeninde Hatayspor&#8217;a yenilmesi sonras\u0131 ayr\u0131l\u0131klar a\u00e7\u0131k a\u00e7\u0131k konu\u015fulmaya ba\u015fland\u0131. <\/p>\n<p><strong>YOLLARIN AYRILMASI BEKLEN\u0130YOR<\/strong><\/p>\n<p>Bordo-Mavili \u0130dare, a\u011f\u0131r yenilginin akabinde Papara Park&#8217;ta olo\u011fan\u00fcst\u00fc toplant\u0131 ger\u00e7ekle\u015ftirdi. Taraftar\u0131n istifas\u0131n\u0131 istedi\u011fi Teknik Y\u00f6netici \u015eenol G\u00fcne\u015f&#8217;in de durumu masaya yat\u0131r\u0131ld\u0131. <\/p>\n<p><strong>Ak\u015fam gazetesinde yer alan habere nazaran; deneyimli \u00e7al\u0131\u015ft\u0131r\u0131c\u0131 ile hafta i\u00e7inde yollar\u0131n ayr\u0131lmas\u0131 bekleniyor.<\/strong> \u015eenol G\u00fcne\u015f, m\u00fcsabaka sonras\u0131 yapt\u0131\u011f\u0131 a\u00e7\u0131klamada misyonunu b\u0131rakabilece\u011fini net olarak s\u00f6z etmi\u015fti.<\/p>\n<p><strong>PERFORMANSI<\/strong><\/p>\n<p> Trabzonspor, 5. \u015eenol G\u00fcne\u015f devrinde dilek etti\u011fi sonu\u00e7lar\u0131 alamad\u0131. G\u00fcne\u015f idaresinde oynad\u0131\u011f\u0131 23 ma\u00e7ta 8 galibiyet, 6 beraberlik, 9 yenilgi ile 30 puan toplayan Bordo-Mavililer, 1,30 puan ortalamas\u0131nda kald\u0131. <\/p>\n<p>Tecr\u00fcbeli \u00e7al\u0131\u015ft\u0131r\u0131c\u0131n\u0131n idaresinde Karadeniz tak\u0131m\u0131, deplasmanda 10 ma\u00e7ta 3 beraberlik, 7 yenilgi ile 0.3 puan ortalamas\u0131nda kald\u0131. <\/p>\n<p>Trabzonspor, \u015eenol G\u00fcne\u015f idaresinde i\u00e7 alanda ise 13 ma\u00e7ta 8 galibiyet, 3 beraberlik, 2 yenilgi ile 27 puan elde ederek 2,07 puan ortalamas\u0131 yakalad\u0131.\u00a0 <\/p>\n<div>\u00a0<\/div>\n<\/div>\n<p><\/p>\n","protected":false},"excerpt":{"rendered":"<p>Hatayspor ma\u011flubiyeti sonras\u0131 Papara Park&#8217;ta toplanan y\u00f6netim kurulu istifa protestolar\u0131n\u0131 masaya yat\u0131rd\u0131. \u015eenol G\u00fcne\u015f ile yollar\u0131n ayr\u0131lma ihtimali hayli y\u00fcksek.<\/p>\n","protected":false},"author":1,"featured_media":27727,"comment_status":"open","ping_status":"open","sticky":false,"template":"","format":"standard","meta":{"footnotes":""},"categories":[25],"tags":[480],"class_list":["post-27726","post","type-post","status-publish","format-standard","has-post-thumbnail","hentry","category-futbol","tag-gunes"],"_links":{"self":[{"href":"https:\/\/haberbesiktas.tr\/index.php?rest_route=\/wp\/v2\/posts\/27726","targetHints":{"allow":["GET"]}}],"collection":[{"href":"https:\/\/haberbesiktas.tr\/index.php?rest_route=\/wp\/v2\/posts"}],"about":[{"href":"https:\/\/haberbesiktas.tr\/index.php?rest_route=\/wp\/v2\/types\/post"}],"author":[{"embeddable":true,"href":"https:\/\/haberbesiktas.tr\/index.php?rest_route=\/wp\/v2\/users\/1"}],"replies":[{"embeddable":true,"href":"https:\/\/haberbesiktas.tr\/index.php?rest_route=%2Fwp%2Fv2%2Fcomments&post=27726"}],"version-history":[{"count":1,"href":"https:\/\/haberbesiktas.tr\/index.php?rest_route=\/wp\/v2\/posts\/27726\/revisions"}],"predecessor-version":[{"id":27728,"href":"https:\/\/haberbesiktas.tr\/index.php?rest_route=\/wp\/v2\/posts\/27726\/revisions\/27728"}],"wp:featuredmedia":[{"embeddable":true,"href":"https:\/\/haberbesiktas.tr\/index.php?rest_route=\/wp\/v2\/media\/27727"}],"wp:attachment":[{"href":"https:\/\/haberbesiktas.tr\/index.php?rest_route=%2Fwp%2Fv2%2Fmedia&parent=27726"}],"wp:term":[{"taxonomy":"category","embeddable":true,"href":"https:\/\/haberbesiktas.tr\/index.php?rest_route=%2Fwp%2Fv2%2Fcategories&post=27726"},{"taxonomy":"post_tag","embeddable":true,"href":"https:\/\/haberbesiktas.tr\/index.php?rest_route=%2Fwp%2Fv2%2Ftags&post=27726"}],"curies":[{"name":"wp","href":"https:\/\/api.w.org\/{rel}","templated":true}]}}