{"id":27801,"date":"2025-05-08T00:48:12","date_gmt":"2025-05-08T00:48:12","guid":{"rendered":"https:\/\/haberbesiktas.tr\/?p=27801"},"modified":"2025-05-08T00:48:12","modified_gmt":"2025-05-08T00:48:12","slug":"jose-mourinhonun-rangers-kozu-osayi-samuel","status":"publish","type":"post","link":"https:\/\/haberbesiktas.tr\/?p=27801","title":{"rendered":"Jose Mourinho&#8217;nun Rangers kozu: Osayi Samuel!"},"content":{"rendered":"<div>\n<p>UEFA Avrupa Ligi son 16 tipi birinci ma\u00e7\u0131nda Rangers&#8217;a alanlar\u0131nda 3-1 kaybederek tipi zora sokan Fenerbah\u00e7e&#8217;de Teknik Y\u00f6netici Jose Mourinho, \u0130sko\u00e7ya&#8217;da oynanacak r\u00f6van\u015f gayreti i\u00e7in planlar\u0131n\u0131 haz\u0131rl\u0131yor.\u00a0<\/p>\n<p> Deneyimli \u00e7al\u0131\u015ft\u0131r\u0131c\u0131 birinci m\u00fcsabakada Osayi Samuel&#8217;in kart cezal\u0131s\u0131 olu\u015fu, son periyodun formda ismi O\u011fuz Ayd\u0131n&#8217;\u0131n da listede yer almamas\u0131 nedeniyle sa\u011f kanatta Mert M\u00fcld\u00fcr&#8217;\u00fc oynatm\u0131\u015f, bu b\u00f6lgede sorun ya\u015fanm\u0131\u015ft\u0131.<\/p>\n<p> <strong>MOURINHO, OSAYI&#8217;YE G\u00dcVEN\u0130YOR<\/strong><\/p>\n<p> Lakin Portekizli teknik adam Osayi&#8217;nin surat\u0131ndan ve \u00e7al\u0131m yetene\u011finden \u00f6t\u00fcr\u00fc r\u00f6van\u015f m\u00fcsabakas\u0131nda sa\u011f kanatta sorun ya\u015fanaca\u011f\u0131n\u0131 d\u00fc\u015f\u00fcnm\u00fcyor.\u00a0<\/p>\n<p> <strong>OSAYI \u0130\u00c7\u0130N FIRSAT MA\u00c7I<\/strong><\/p>\n<p> S\u00fcper Lig&#8217;de oynanan ma\u00e7larda formay\u0131 O\u011fuz Ayd\u0131n&#8217;a kapt\u0131ran Osayi de Rangers ile oynanacak r\u00f6van\u015f i\u00e7in kendisini haz\u0131r tuttu. Deneyimli futbolcunun bu m\u00fcsabakay\u0131 f\u0131rsat olarak g\u00f6rd\u00fc\u011f\u00fc ve en uygun performans\u0131n\u0131 yans\u0131tmak istedi\u011fi \u00f6\u011frenildi.<\/p>\n<p><strong>\u00d6ZEL TOPLANTILAR YAPACAK<\/strong><\/p>\n<p> Mourinho&#8217;nun da hafta i\u00e7inde \u00f6\u011frencisiyle vakit zaman \u00f6zel toplant\u0131lar yapaca\u011f\u0131, oyun sistemindeki kilit misyonu ona ezberletece\u011fi bildirildi.<\/p>\n<p> UEFA Avrupa Ligi son 16 tipi ikinci ma\u00e7\u0131nda temsilcimiz Fenerbah\u00e7e, 13 Mart Per\u015fembe g\u00fcn\u00fc deplasmanda Rangers ile kar\u015f\u0131 kar\u015f\u0131ya gelecek.\u00a0\u00a0<\/p>\n<\/div>\n<p><\/p>\n","protected":false},"excerpt":{"rendered":"<p>Fenerbah\u00e7e Teknik Y\u00f6neticisi Jose Mourinho, Rangers r\u00f6van\u015f\u0131nda Nijeryal\u0131 oyuncusu Osayi Samuel&#8217;i birinci 11&#8217;de oynatmay\u0131 planl\u0131yor.<\/p>\n","protected":false},"author":1,"featured_media":27802,"comment_status":"open","ping_status":"open","sticky":false,"template":"","format":"standard","meta":{"footnotes":""},"categories":[25],"tags":[],"class_list":["post-27801","post","type-post","status-publish","format-standard","has-post-thumbnail","hentry","category-futbol"],"_links":{"self":[{"href":"https:\/\/haberbesiktas.tr\/index.php?rest_route=\/wp\/v2\/posts\/27801","targetHints":{"allow":["GET"]}}],"collection":[{"href":"https:\/\/haberbesiktas.tr\/index.php?rest_route=\/wp\/v2\/posts"}],"about":[{"href":"https:\/\/haberbesiktas.tr\/index.php?rest_route=\/wp\/v2\/types\/post"}],"author":[{"embeddable":true,"href":"https:\/\/haberbesiktas.tr\/index.php?rest_route=\/wp\/v2\/users\/1"}],"replies":[{"embeddable":true,"href":"https:\/\/haberbesiktas.tr\/index.php?rest_route=%2Fwp%2Fv2%2Fcomments&post=27801"}],"version-history":[{"count":1,"href":"https:\/\/haberbesiktas.tr\/index.php?rest_route=\/wp\/v2\/posts\/27801\/revisions"}],"predecessor-version":[{"id":27803,"href":"https:\/\/haberbesiktas.tr\/index.php?rest_route=\/wp\/v2\/posts\/27801\/revisions\/27803"}],"wp:featuredmedia":[{"embeddable":true,"href":"https:\/\/haberbesiktas.tr\/index.php?rest_route=\/wp\/v2\/media\/27802"}],"wp:attachment":[{"href":"https:\/\/haberbesiktas.tr\/index.php?rest_route=%2Fwp%2Fv2%2Fmedia&parent=27801"}],"wp:term":[{"taxonomy":"category","embeddable":true,"href":"https:\/\/haberbesiktas.tr\/index.php?rest_route=%2Fwp%2Fv2%2Fcategories&post=27801"},{"taxonomy":"post_tag","embeddable":true,"href":"https:\/\/haberbesiktas.tr\/index.php?rest_route=%2Fwp%2Fv2%2Ftags&post=27801"}],"curies":[{"name":"wp","href":"https:\/\/api.w.org\/{rel}","templated":true}]}}