{"id":27813,"date":"2025-05-08T01:36:10","date_gmt":"2025-05-08T01:36:10","guid":{"rendered":"https:\/\/haberbesiktas.tr\/?p=27813"},"modified":"2025-05-08T01:36:10","modified_gmt":"2025-05-08T01:36:10","slug":"16-yas-alti-kizlar-basketbol-milli-takiminda-hedef-a-ligi","status":"publish","type":"post","link":"https:\/\/haberbesiktas.tr\/?p=27813","title":{"rendered":"16 Ya\u015f Alt\u0131 K\u0131zlar Basketbol Milli Tak\u0131m\u0131&#8217;nda hedef &#8220;A Ligi&#8221;"},"content":{"rendered":"<div>FIBA 16 Ya\u015f Alt\u0131 K\u0131zlar Basketbol Avrupa \u015eampiyonas\u0131 B Ligi&#8217;nde kuvvetli rakiplerle yapaca\u011f\u0131 m\u00fcsabakalara haz\u0131rlanan T\u00fcrkiye ulusal grubu, A Ligi&#8217;ne \u00e7\u0131kmay\u0131 hedefliyor.<\/p>\n<p> \u0130stanbul&#8217;da 20-29 A\u011fustos&#8217;ta d\u00fczenlenecek \u015fampiyonada A K\u00fcmesi&#8217;nde Avusturya, \u0130svi\u00e7re, \u0130rlanda ve \u0130zlanda&#8217;ya kar\u015f\u0131 parkede u\u011fra\u015f verecek ay-y\u0131ld\u0131zl\u0131lar, ba\u015fantren\u00f6r Nevriye Y\u0131lmaz idaresinde haz\u0131rl\u0131klar\u0131n\u0131 Kocaeli&#8217;de ger\u00e7ekle\u015ftirdi.<\/p>\n<p> Y\u0131lmaz, AA muhabirine, \u00f6ncelikli ama\u00e7lar\u0131n\u0131n 2 y\u0131ld\u0131r u\u011fra\u015f ettikleri B Ligi&#8217;nden A Ligi&#8217;ne \u00e7\u0131kmak oldu\u011funu belirterek t\u0131pk\u0131 vakitte 18 ya\u015f alt\u0131, 20 ya\u015f alt\u0131 ve A Ulusal Bayan Basketbol Ekibi&#8217;nde oynayabilecek oyuncular yeti\u015ftirmeyi ama\u00e7lad\u0131klar\u0131n\u0131 s\u00f6yledi.<\/p>\n<p> Geni\u015f oyuncu tak\u0131m\u0131na sahip olduklar\u0131n\u0131 lisana getiren Y\u0131lmaz, \u00e7a\u011fr\u0131lmayan oyuncular\u0131 takip ettiklerine de de\u011findi.<\/p>\n<p> T\u00fcrk bayan basketbolunun yayg\u0131nla\u015fmas\u0131 i\u00e7in i\u015ftirakin daha \u00e7ok olmas\u0131n\u0131 istediklerini lisana getiren Y\u0131lmaz, <strong>&#8220;\u015eu an 30 ki\u015filik oyuncu havuzumuz var lakin bunu 50&#8217;ye \u00e7\u0131karmay\u0131 hedefliyoruz. Umar\u0131m vakit i\u00e7erisinde federasyonun \u00e7al\u0131\u015fmalar\u0131yla ho\u015f bir oyuncu havuzu olu\u015fur.&#8221;<\/strong> dedi.<\/p>\n<p> K\u00fcmede yer alan rakip ekiplerin g\u00fc\u00e7l\u00fc ve zay\u0131f istikametlerinin bulundu\u011funa i\u015faret eden Y\u0131lmaz, <strong>&#8220;Rakiplerden \u00e7ok evvel kendi oyunumuza odaklan\u0131p, geni\u015f rotasyonda ger\u00e7ek basketbol oynamak istiyoruz. Oyuncular\u0131m\u0131n da rakipten \u00e7ok kendi oyunlar\u0131na odaklanmalar\u0131n\u0131n k\u0131ymetli oldu\u011funu d\u00fc\u015f\u00fcn\u00fcyorum.&#8221;<\/strong> diye konu\u015ftu.<\/p>\n<\/div>\n<p><\/p>\n","protected":false},"excerpt":{"rendered":"<p>16 Ya\u015f Alt\u0131 K\u0131zlar Basketbol Ulusal Ekibi, gayelerinin A Ligi&#8217;ne \u00e7\u0131kmak oldu\u011funu belirtti.<\/p>\n","protected":false},"author":1,"featured_media":27814,"comment_status":"open","ping_status":"open","sticky":false,"template":"","format":"standard","meta":{"footnotes":""},"categories":[10],"tags":[49,60],"class_list":["post-27813","post","type-post","status-publish","format-standard","has-post-thumbnail","hentry","category-basketbol","tag-oyuncu","tag-yilmaz"],"_links":{"self":[{"href":"https:\/\/haberbesiktas.tr\/index.php?rest_route=\/wp\/v2\/posts\/27813","targetHints":{"allow":["GET"]}}],"collection":[{"href":"https:\/\/haberbesiktas.tr\/index.php?rest_route=\/wp\/v2\/posts"}],"about":[{"href":"https:\/\/haberbesiktas.tr\/index.php?rest_route=\/wp\/v2\/types\/post"}],"author":[{"embeddable":true,"href":"https:\/\/haberbesiktas.tr\/index.php?rest_route=\/wp\/v2\/users\/1"}],"replies":[{"embeddable":true,"href":"https:\/\/haberbesiktas.tr\/index.php?rest_route=%2Fwp%2Fv2%2Fcomments&post=27813"}],"version-history":[{"count":1,"href":"https:\/\/haberbesiktas.tr\/index.php?rest_route=\/wp\/v2\/posts\/27813\/revisions"}],"predecessor-version":[{"id":27815,"href":"https:\/\/haberbesiktas.tr\/index.php?rest_route=\/wp\/v2\/posts\/27813\/revisions\/27815"}],"wp:featuredmedia":[{"embeddable":true,"href":"https:\/\/haberbesiktas.tr\/index.php?rest_route=\/wp\/v2\/media\/27814"}],"wp:attachment":[{"href":"https:\/\/haberbesiktas.tr\/index.php?rest_route=%2Fwp%2Fv2%2Fmedia&parent=27813"}],"wp:term":[{"taxonomy":"category","embeddable":true,"href":"https:\/\/haberbesiktas.tr\/index.php?rest_route=%2Fwp%2Fv2%2Fcategories&post=27813"},{"taxonomy":"post_tag","embeddable":true,"href":"https:\/\/haberbesiktas.tr\/index.php?rest_route=%2Fwp%2Fv2%2Ftags&post=27813"}],"curies":[{"name":"wp","href":"https:\/\/api.w.org\/{rel}","templated":true}]}}