{"id":27816,"date":"2025-05-08T01:48:16","date_gmt":"2025-05-08T01:48:16","guid":{"rendered":"https:\/\/haberbesiktas.tr\/?p=27816"},"modified":"2025-05-08T01:48:16","modified_gmt":"2025-05-08T01:48:16","slug":"112-acilde-doktor-yesil-sahada-kaptan","status":"publish","type":"post","link":"https:\/\/haberbesiktas.tr\/?p=27816","title":{"rendered":"112 Acil&#8217;de doktor, ye\u015fil sahada kaptan"},"content":{"rendered":"<div>Erzincan 112 Acil S\u0131hhat Hizmetleri&#8217;nde doktor olan 26 ya\u015f\u0131ndaki Aleyna Demir, TFF Bayanlar 3. Ligi&#8217;nde u\u011fra\u015f eden Erzincan Gen\u00e7lerbirli\u011fi Gen\u00e7lik ve Spor Kul\u00fcb\u00fcne de kaptanl\u0131k yap\u0131yor.<\/p>\n<p> \u00c7ocuklu\u011fundan beri futbol oynayan Aleyna Demir, 2017&#8217;de kazand\u0131\u011f\u0131 Erzincan Binali Y\u0131ld\u0131r\u0131m \u00dcniversitesi T\u0131p Fak\u00fcltesi&#8217;nden mezun olduktan sonra da ye\u015fil alanlardan kopmad\u0131.<\/p>\n<p> Atand\u0131\u011f\u0131 Erzincan 112 Acil S\u0131hhat Hizmetleri&#8217;nde hayat kurtaran Demir, bir yandan da TFF Bayanlar 3. Ligi&#8217;nde \u00e7aba eden Erzincan Gen\u00e7lerbirli\u011fi Gen\u00e7lik ve Spor Kul\u00fcb\u00fcn\u00fcn ba\u015far\u0131s\u0131 i\u00e7in ter d\u00f6k\u00fcyor.<\/p>\n<p> A\u011f\u0131r \u00e7al\u0131\u015fma temposuna kar\u015f\u0131n futbol oynamay\u0131 b\u0131rakmayan ekip kaptan\u0131 Demir, idmanlarda ve ma\u00e7larda ya\u015fanan sakatl\u0131klarda da birinci m\u00fcdahaleyi de yap\u0131yor.<\/p>\n<p> <strong>&#8220;Antrenmana geldi\u011fim vakit b\u00fct\u00fcn g\u00fcc\u00fcm\u00fc, gerilimimi atabiliyorum&#8221;<\/strong><\/p>\n<p> Doktor Aleyna Demir, AA muhabirine, \u00e7ocukluk y\u0131llar\u0131nda a\u011fabeyi ile futbol oymaya ba\u015flad\u0131\u011f\u0131n\u0131 s\u00f6yledi.<\/p>\n<p> Okul ekiplerinde ba\u015flad\u0131\u011f\u0131 futbol mesle\u011fine, t\u0131p fak\u00fcltesini kazan\u0131p mezun olduktan sonra misyona ba\u015flad\u0131\u011f\u0131 Erzincan&#8217;da devam etti\u011fini s\u00f6z eden Demir, \u015f\u00f6yle konu\u015ftu:<\/p>\n<p> <strong>&#8220;Ma\u00e7 esnas\u0131nda sakatl\u0131klara m\u00fcdahalede fak\u00fcltedeyken biraz \u00e7ekiniyordum lakin mesle\u011fin i\u00e7ine girdikten sonra m\u00fcdahale yapmakta bir \u00e7ekincem olmuyor. Arkada\u015flar\u0131ma ma\u00e7larda ya\u015fad\u0131klar\u0131 sakatl\u0131klar nedeniyle yard\u0131mc\u0131 olmaya \u00e7al\u0131\u015f\u0131yorum. Bizim t\u0131p fak\u00fcltesinde bir kelam vard\u0131r, &#8216;T\u0131p fak\u00fcltesinden en son tabip olunur&#8217; diye. Onun i\u00e7in bence \u00e7ocuklar\u0131n gerek spor olsun, futbol, basketbol, voleybol olabilir, aileleri taraf\u0131ndan desteklenmeleri gerekiyor. Birebir vakitte ben bunun bir psikoterapi oldu\u011funu da d\u00fc\u015f\u00fcn\u00fcyorum. \u0130dmana geldi\u011fim vakit b\u00fct\u00fcn g\u00fcc\u00fcm\u00fc, gerilimimi atabiliyorum.&#8221;<\/strong><\/p>\n<p> <strong>Futbolu b\u0131rakt\u0131ktan sonra antren\u00f6r olmay\u0131 hedefliyor<\/strong><\/p>\n<p> Demir, g\u00fcnde 8-10 saat T\u0131pta Uzmanl\u0131k S\u0131nav\u0131 i\u00e7in ders \u00e7al\u0131\u015ft\u0131\u011f\u0131n\u0131 belirterek, buna kar\u015f\u0131n idmanlar\u0131n\u0131 da aksatmad\u0131\u011f\u0131n\u0131 lisana getirdi.<\/p>\n<p> \u0130spanya 1. Futbol Ligi tak\u0131mlar\u0131ndan Barcelona grubunu takip ederek b\u00fcy\u00fcd\u00fc\u011f\u00fcn\u00fc s\u00f6yleyen Demir, futbolu b\u0131rakt\u0131ktan sonra bayan futbolunda antren\u00f6r olarak \u00e7al\u0131\u015fmay\u0131 ve ke\u015ffedilmeyi bekleyen yeteneklere ula\u015fmay\u0131 hedefledi\u011fini kaydetti.<\/p>\n<p> Erzincan Gen\u00e7lerbirli\u011fi Gen\u00e7lik ve Spor Kul\u00fcb\u00fc Antren\u00f6r\u00fc Ali Aksu ise Aleyna Demir&#8217;in idmanda ve ma\u00e7 s\u0131ras\u0131nda sakatl\u0131k ya\u015fayan oyunculara da birinci m\u00fcdahalede bulundu\u011funu anlatarak, <strong>&#8220;Aleyna \u00e7ok g\u00fczel bir doktor, \u00e7ok iyi bir ki\u015filik, \u00e7ok da yeterli bir futbolcu. Ekibimizin kaptan\u0131 kendisi. Burada \u00e7ocuklar\u0131m\u0131za rastgele bir m\u00fcdahale oldu\u011fu vakit ya da ma\u00e7larda atletlere rastgele bir m\u00fcdahale oldu\u011fu vakit Aleyna birinci m\u00fcdahalelerini yap\u0131yor. Aleyna&#8217;ya doktor dedi\u011fimiz zaman insanlar bunun lakap oldu\u011funu zannediyor.&#8221;<\/strong> diye konu\u015ftu.<\/p>\n<\/div>\n<p><\/p>\n","protected":false},"excerpt":{"rendered":"<p>Erzincan 112 Acil S\u0131hhat Hizmetleri&#8217;nde doktor olan 26 ya\u015f\u0131ndaki Aleyna Demir t\u0131pk\u0131 zamanda 3. Lig grubunda kaptanl\u0131k yap\u0131yor.<\/p>\n","protected":false},"author":1,"featured_media":27817,"comment_status":"open","ping_status":"open","sticky":false,"template":"","format":"standard","meta":{"footnotes":""},"categories":[25],"tags":[2402,275,2403,172,897],"class_list":["post-27816","post","type-post","status-publish","format-standard","has-post-thumbnail","hentry","category-futbol","tag-aleyna","tag-demir","tag-erzincan","tag-futbol","tag-mudahale"],"_links":{"self":[{"href":"https:\/\/haberbesiktas.tr\/index.php?rest_route=\/wp\/v2\/posts\/27816","targetHints":{"allow":["GET"]}}],"collection":[{"href":"https:\/\/haberbesiktas.tr\/index.php?rest_route=\/wp\/v2\/posts"}],"about":[{"href":"https:\/\/haberbesiktas.tr\/index.php?rest_route=\/wp\/v2\/types\/post"}],"author":[{"embeddable":true,"href":"https:\/\/haberbesiktas.tr\/index.php?rest_route=\/wp\/v2\/users\/1"}],"replies":[{"embeddable":true,"href":"https:\/\/haberbesiktas.tr\/index.php?rest_route=%2Fwp%2Fv2%2Fcomments&post=27816"}],"version-history":[{"count":1,"href":"https:\/\/haberbesiktas.tr\/index.php?rest_route=\/wp\/v2\/posts\/27816\/revisions"}],"predecessor-version":[{"id":27818,"href":"https:\/\/haberbesiktas.tr\/index.php?rest_route=\/wp\/v2\/posts\/27816\/revisions\/27818"}],"wp:featuredmedia":[{"embeddable":true,"href":"https:\/\/haberbesiktas.tr\/index.php?rest_route=\/wp\/v2\/media\/27817"}],"wp:attachment":[{"href":"https:\/\/haberbesiktas.tr\/index.php?rest_route=%2Fwp%2Fv2%2Fmedia&parent=27816"}],"wp:term":[{"taxonomy":"category","embeddable":true,"href":"https:\/\/haberbesiktas.tr\/index.php?rest_route=%2Fwp%2Fv2%2Fcategories&post=27816"},{"taxonomy":"post_tag","embeddable":true,"href":"https:\/\/haberbesiktas.tr\/index.php?rest_route=%2Fwp%2Fv2%2Ftags&post=27816"}],"curies":[{"name":"wp","href":"https:\/\/api.w.org\/{rel}","templated":true}]}}