{"id":27819,"date":"2025-05-08T02:00:13","date_gmt":"2025-05-08T02:00:13","guid":{"rendered":"https:\/\/haberbesiktas.tr\/?p=27819"},"modified":"2025-05-08T02:00:13","modified_gmt":"2025-05-08T02:00:13","slug":"galatasaray-bu-sezon-7-kez-maci-cevirdi","status":"publish","type":"post","link":"https:\/\/haberbesiktas.tr\/?p=27819","title":{"rendered":"Galatasaray, bu sezon 7. kez ma\u00e7\u0131 \u00e7evirdi!"},"content":{"rendered":"<div>Trendyol \u00dcst\u00fcn Lig&#8217;in 27. haftas\u0131nda Galatasaray, deplasmanda kar\u015f\u0131la\u015ft\u0131\u011f\u0131 Alanyaspor&#8217;u 1-0 yenik duruma d\u00fc\u015ft\u00fc\u011f\u00fc ma\u00e7ta geriden gelerek 2-1 ma\u011flup etti ve 4 resmi ma\u00e7l\u0131k galibiyet hasretini sonland\u0131rd\u0131.<\/p>\n<p> Galatasaray, S\u00fcper Lig&#8217;de bu d\u00f6nem 7. kere bir ma\u00e7ta geriye d\u00fc\u015ferken bunlar\u0131n hepsini \u00e7evirmeyi ba\u015fard\u0131.<\/p>\n<p> Sar\u0131 k\u0131rm\u0131z\u0131l\u0131lar geriye d\u00fc\u015ft\u00fc\u011f\u00fc ma\u00e7larda Alanya deplasman\u0131nda 4. sefer kazan\u0131rken, 3 ma\u00e7\u0131 da berabere bitirdi ve 15 puan toplad\u0131.\u00a0<\/p>\n<\/div>\n<p><\/p>\n","protected":false},"excerpt":{"rendered":"<p>1-0 yenik duruma d\u00fc\u015ft\u00fc\u011f\u00fc Alanyaspor kar\u015f\u0131s\u0131nda kazanarak 3 puana uzanan Galatasaray, bu d\u00f6nem geriye d\u00fc\u015ft\u00fc\u011f\u00fc ma\u00e7larda 4 galibiyet, 3 beraberlik ald\u0131.<\/p>\n","protected":false},"author":1,"featured_media":27820,"comment_status":"open","ping_status":"open","sticky":false,"template":"","format":"standard","meta":{"footnotes":""},"categories":[25],"tags":[],"class_list":["post-27819","post","type-post","status-publish","format-standard","has-post-thumbnail","hentry","category-futbol"],"_links":{"self":[{"href":"https:\/\/haberbesiktas.tr\/index.php?rest_route=\/wp\/v2\/posts\/27819","targetHints":{"allow":["GET"]}}],"collection":[{"href":"https:\/\/haberbesiktas.tr\/index.php?rest_route=\/wp\/v2\/posts"}],"about":[{"href":"https:\/\/haberbesiktas.tr\/index.php?rest_route=\/wp\/v2\/types\/post"}],"author":[{"embeddable":true,"href":"https:\/\/haberbesiktas.tr\/index.php?rest_route=\/wp\/v2\/users\/1"}],"replies":[{"embeddable":true,"href":"https:\/\/haberbesiktas.tr\/index.php?rest_route=%2Fwp%2Fv2%2Fcomments&post=27819"}],"version-history":[{"count":1,"href":"https:\/\/haberbesiktas.tr\/index.php?rest_route=\/wp\/v2\/posts\/27819\/revisions"}],"predecessor-version":[{"id":27821,"href":"https:\/\/haberbesiktas.tr\/index.php?rest_route=\/wp\/v2\/posts\/27819\/revisions\/27821"}],"wp:featuredmedia":[{"embeddable":true,"href":"https:\/\/haberbesiktas.tr\/index.php?rest_route=\/wp\/v2\/media\/27820"}],"wp:attachment":[{"href":"https:\/\/haberbesiktas.tr\/index.php?rest_route=%2Fwp%2Fv2%2Fmedia&parent=27819"}],"wp:term":[{"taxonomy":"category","embeddable":true,"href":"https:\/\/haberbesiktas.tr\/index.php?rest_route=%2Fwp%2Fv2%2Fcategories&post=27819"},{"taxonomy":"post_tag","embeddable":true,"href":"https:\/\/haberbesiktas.tr\/index.php?rest_route=%2Fwp%2Fv2%2Ftags&post=27819"}],"curies":[{"name":"wp","href":"https:\/\/api.w.org\/{rel}","templated":true}]}}