{"id":2783,"date":"2025-01-11T14:42:45","date_gmt":"2025-01-11T14:42:45","guid":{"rendered":"https:\/\/haberbesiktas.tr\/?p=2783"},"modified":"2025-01-11T14:42:45","modified_gmt":"2025-01-11T14:42:45","slug":"erzurumda-eit-2025-coskusu-dorduncu-gununde-suruyor","status":"publish","type":"post","link":"https:\/\/haberbesiktas.tr\/?p=2783","title":{"rendered":"Erzurum&#8217;da E\u0130T 2025 co\u015fkusu d\u00f6rd\u00fcnc\u00fc g\u00fcn\u00fcnde s\u00fcr\u00fcyor"},"content":{"rendered":"<p>Ekonomik \u0130\u015fbirli\u011fi Te\u015fkilat\u0131 (E\u0130T) taraf\u0131ndan Erzurum&#8217;un &#8220;2025 Turizm Ba\u015fkenti&#8221; ilan edilmesi kapsam\u0131nda organize edilen K\u0131\u015f Oyunlar\u0131&#8217;n\u0131n d\u00f6rd\u00fcnc\u00fc g\u00fcn yar\u0131\u015flar\u0131 ba\u015flad\u0131.<\/p>\n<p> Tertipte bug\u00fcn curling ve kar voleybolu kar\u015f\u0131la\u015fmalar\u0131 yap\u0131l\u0131yor.<\/p>\n<p> Erzurum Curling Salonu ve Paland\u00f6ken Kayak Merkezi&#8217;nde d\u00fczenlenen kar\u015f\u0131la\u015fmalarda, 72 sportmen \u00e7aba edecek.<\/p>\n<p> Yar\u0131\u015flar, 12 Ocak Pazar g\u00fcn\u00fcne kadar s\u00fcrecek.<\/p>\n","protected":false},"excerpt":{"rendered":"<p>Erzurum&#8217;un &#8220;2025 Turizm Ba\u015fkenti&#8221; ilan edilmesi kapsam\u0131nda organize edilen K\u0131\u015f Oyunlar\u0131&#8217;n\u0131n d\u00f6rd\u00fcnc\u00fc g\u00fcn yar\u0131\u015flar\u0131 start ald\u0131.<\/p>\n","protected":false},"author":1,"featured_media":2784,"comment_status":"open","ping_status":"open","sticky":false,"template":"","format":"standard","meta":{"footnotes":""},"categories":[27],"tags":[],"class_list":["post-2783","post","type-post","status-publish","format-standard","has-post-thumbnail","hentry","category-guncel-haberler"],"_links":{"self":[{"href":"https:\/\/haberbesiktas.tr\/index.php?rest_route=\/wp\/v2\/posts\/2783","targetHints":{"allow":["GET"]}}],"collection":[{"href":"https:\/\/haberbesiktas.tr\/index.php?rest_route=\/wp\/v2\/posts"}],"about":[{"href":"https:\/\/haberbesiktas.tr\/index.php?rest_route=\/wp\/v2\/types\/post"}],"author":[{"embeddable":true,"href":"https:\/\/haberbesiktas.tr\/index.php?rest_route=\/wp\/v2\/users\/1"}],"replies":[{"embeddable":true,"href":"https:\/\/haberbesiktas.tr\/index.php?rest_route=%2Fwp%2Fv2%2Fcomments&post=2783"}],"version-history":[{"count":1,"href":"https:\/\/haberbesiktas.tr\/index.php?rest_route=\/wp\/v2\/posts\/2783\/revisions"}],"predecessor-version":[{"id":2785,"href":"https:\/\/haberbesiktas.tr\/index.php?rest_route=\/wp\/v2\/posts\/2783\/revisions\/2785"}],"wp:featuredmedia":[{"embeddable":true,"href":"https:\/\/haberbesiktas.tr\/index.php?rest_route=\/wp\/v2\/media\/2784"}],"wp:attachment":[{"href":"https:\/\/haberbesiktas.tr\/index.php?rest_route=%2Fwp%2Fv2%2Fmedia&parent=2783"}],"wp:term":[{"taxonomy":"category","embeddable":true,"href":"https:\/\/haberbesiktas.tr\/index.php?rest_route=%2Fwp%2Fv2%2Fcategories&post=2783"},{"taxonomy":"post_tag","embeddable":true,"href":"https:\/\/haberbesiktas.tr\/index.php?rest_route=%2Fwp%2Fv2%2Ftags&post=2783"}],"curies":[{"name":"wp","href":"https:\/\/api.w.org\/{rel}","templated":true}]}}