{"id":27856,"date":"2025-05-08T04:24:10","date_gmt":"2025-05-08T04:24:10","guid":{"rendered":"https:\/\/haberbesiktas.tr\/?p=27856"},"modified":"2025-05-08T04:24:10","modified_gmt":"2025-05-08T04:24:10","slug":"trabzonsporun-milli-boksoru-havvanur-kethuda-dunya-sampiyonu-oldu","status":"publish","type":"post","link":"https:\/\/haberbesiktas.tr\/?p=27856","title":{"rendered":"Trabzonspor&#8217;un milli boks\u00f6r\u00fc Havvanur Keth\u00fcda, D\u00fcnya \u015eampiyonu oldu"},"content":{"rendered":"<p>Trabzonspor Kul\u00fcb\u00fc&#8217;n\u00fcn b\u00fcnyesinde \u00e7aba eden ulusal boks\u00f6r Havvanur Keth\u00fcda, D\u00fcnya \u015eampiyonu oldu.<\/p>\n<p> 1-10 Mart 2025 tarihleri ortas\u0131nda Karada\u011f&#8217;\u0131n Budva kentinde d\u00fczenlenen D\u00fcnya Boks Birli\u011fi \u015eampiyonas\u0131&#8217;nda gayret eden sportmen Havvanur Keth\u00fcda, finalde Kazak rakibi Sabina Zhaksylyk&#8217;i ma\u011flup ederek alt\u0131n madalya kazand\u0131.<\/p>\n<p> <strong>EN D\u00dcZG\u00dcN BOKS\u00d6R<\/strong><\/p>\n<p> Ayr\u0131yeten, +81 kg kategorisinde D\u00fcnya ve Avrupa \u015fampiyonlu\u011fu bulunan ulusal boks\u00f6r Havvanur Keth\u00fcda, ald\u0131\u011f\u0131 bu sonu\u00e7la mesle\u011fine bir d\u00fcnya \u015fampiyonlu\u011fu daha eklerken, turnuva sonunda &#8220;En Yeterli Bayan Boks\u00f6r&#8221; m\u00fckafat\u0131na lay\u0131k g\u00f6r\u00fcld\u00fc. Trabzonspor Kul\u00fcb\u00fc de atletin muvaffakiyetini toplumsal medya hesab\u0131ndan yapt\u0131\u011f\u0131 payla\u015f\u0131mla duyurdu.<\/p>\n","protected":false},"excerpt":{"rendered":"<p>Trabzonspor b\u00fcnyesinde \u00e7aba eden ulusal boks\u00f6r\u00fcm\u00fcz Havvanur Keth\u00fcda, D\u00fcnya \u015fampiyonu oldu.<\/p>\n","protected":false},"author":1,"featured_media":27857,"comment_status":"open","ping_status":"open","sticky":false,"template":"","format":"standard","meta":{"footnotes":""},"categories":[27],"tags":[1562],"class_list":["post-27856","post","type-post","status-publish","format-standard","has-post-thumbnail","hentry","category-guncel-haberler","tag-boks"],"_links":{"self":[{"href":"https:\/\/haberbesiktas.tr\/index.php?rest_route=\/wp\/v2\/posts\/27856","targetHints":{"allow":["GET"]}}],"collection":[{"href":"https:\/\/haberbesiktas.tr\/index.php?rest_route=\/wp\/v2\/posts"}],"about":[{"href":"https:\/\/haberbesiktas.tr\/index.php?rest_route=\/wp\/v2\/types\/post"}],"author":[{"embeddable":true,"href":"https:\/\/haberbesiktas.tr\/index.php?rest_route=\/wp\/v2\/users\/1"}],"replies":[{"embeddable":true,"href":"https:\/\/haberbesiktas.tr\/index.php?rest_route=%2Fwp%2Fv2%2Fcomments&post=27856"}],"version-history":[{"count":1,"href":"https:\/\/haberbesiktas.tr\/index.php?rest_route=\/wp\/v2\/posts\/27856\/revisions"}],"predecessor-version":[{"id":27858,"href":"https:\/\/haberbesiktas.tr\/index.php?rest_route=\/wp\/v2\/posts\/27856\/revisions\/27858"}],"wp:featuredmedia":[{"embeddable":true,"href":"https:\/\/haberbesiktas.tr\/index.php?rest_route=\/wp\/v2\/media\/27857"}],"wp:attachment":[{"href":"https:\/\/haberbesiktas.tr\/index.php?rest_route=%2Fwp%2Fv2%2Fmedia&parent=27856"}],"wp:term":[{"taxonomy":"category","embeddable":true,"href":"https:\/\/haberbesiktas.tr\/index.php?rest_route=%2Fwp%2Fv2%2Fcategories&post=27856"},{"taxonomy":"post_tag","embeddable":true,"href":"https:\/\/haberbesiktas.tr\/index.php?rest_route=%2Fwp%2Fv2%2Ftags&post=27856"}],"curies":[{"name":"wp","href":"https:\/\/api.w.org\/{rel}","templated":true}]}}