{"id":27859,"date":"2025-05-08T04:36:16","date_gmt":"2025-05-08T04:36:16","guid":{"rendered":"https:\/\/haberbesiktas.tr\/?p=27859"},"modified":"2025-05-08T04:36:16","modified_gmt":"2025-05-08T04:36:16","slug":"muglaspor-hukmen-zirvede","status":"publish","type":"post","link":"https:\/\/haberbesiktas.tr\/?p=27859","title":{"rendered":"Mu\u011flaspor h\u00fckmen zirvede"},"content":{"rendered":"<div>3&#8217;\u00fcnc\u00fc Lig 2&#8217;nci K\u00fcme&#8217;de k\u0131yas\u0131ya bir \u015fampiyonluk yar\u0131\u015f\u0131nda olan Mu\u011flaspor, bu hafta ma\u00e7 yapmadan 3 puan\u0131 hanesine yazd\u0131rarak son 8 hafta \u00f6ncesi liderlik koltu\u011funa tek ba\u015f\u0131na kurulmay\u0131 garantiledi. <\/p>\n<p>Ad\u0131yaman FK deplasman\u0131na giden Mu\u011flaspor, d\u00fc\u015fme \u00e7izgisinde son s\u0131rada olup umutlar\u0131 t\u00fckenen rakibi m\u00fcsabakadan evvel ligden \u00e7ekilme karar\u0131 al\u0131nca ma\u00e7 saati alana \u00e7\u0131k\u0131p kendi ortas\u0131nda idman yapt\u0131. Hakem Emre Can Furuncu, Ad\u0131yaman grubu Kahta \u0130l\u00e7e Stad\u0131&#8217;ndaki ma\u00e7a \u00e7\u0131kmay\u0131nca seremoninin akabinde m\u00fcsabakay\u0131 tatil etti.<\/p>\n<p> K\u00fcmede \u00fcst \u00fcste 6&#8217;nc\u0131 galibiyetini ma\u00e7 yapmadan hanesine yazd\u0131rmay\u0131 garantileyen Mu\u011flaspor, Bal\u0131kesir&#8217;den gelen haberle ikili sevin\u00e7 ya\u015fad\u0131. <\/p>\n<p>Haftalard\u0131r ye\u015fil-beyazl\u0131lar\u0131n averajla \u00f6n\u00fcnde liderlik koltu\u011funda oturan Bal\u0131kesirspor, meskeninde birinci yar\u0131s\u0131n\u0131 \u00f6nde tamamlad\u0131\u011f\u0131 ma\u00e7ta Tire 2021 FK&#8217;ya 2-1 yenilip tepeden oldu. Ad\u0131yaman ma\u00e7\u0131 tescillenince puan\u0131n\u0131 45&#8217;e \u00e7\u0131karacak Mu\u011flaspor, ikili averaj\u0131n\u0131n da \u00e2l\u00e2 oldu\u011fu Bal\u0131kesir temsilcisine 3 puanl\u0131k fark atacak.<\/p>\n<\/div>\n<p><\/p>\n","protected":false},"excerpt":{"rendered":"<p>Mu\u011flaspor 3. Lig 2. K\u00fcme&#8217;de bu hafta rakibi ma\u00e7tan evvel ligden \u00e7ekilme karar\u0131 al\u0131nca ma\u00e7\u0131 h\u00fckmen kazanm\u0131\u015f oldu.<\/p>\n","protected":false},"author":1,"featured_media":27860,"comment_status":"open","ping_status":"open","sticky":false,"template":"","format":"standard","meta":{"footnotes":""},"categories":[25],"tags":[50],"class_list":["post-27859","post","type-post","status-publish","format-standard","has-post-thumbnail","hentry","category-futbol","tag-mac"],"_links":{"self":[{"href":"https:\/\/haberbesiktas.tr\/index.php?rest_route=\/wp\/v2\/posts\/27859","targetHints":{"allow":["GET"]}}],"collection":[{"href":"https:\/\/haberbesiktas.tr\/index.php?rest_route=\/wp\/v2\/posts"}],"about":[{"href":"https:\/\/haberbesiktas.tr\/index.php?rest_route=\/wp\/v2\/types\/post"}],"author":[{"embeddable":true,"href":"https:\/\/haberbesiktas.tr\/index.php?rest_route=\/wp\/v2\/users\/1"}],"replies":[{"embeddable":true,"href":"https:\/\/haberbesiktas.tr\/index.php?rest_route=%2Fwp%2Fv2%2Fcomments&post=27859"}],"version-history":[{"count":1,"href":"https:\/\/haberbesiktas.tr\/index.php?rest_route=\/wp\/v2\/posts\/27859\/revisions"}],"predecessor-version":[{"id":27861,"href":"https:\/\/haberbesiktas.tr\/index.php?rest_route=\/wp\/v2\/posts\/27859\/revisions\/27861"}],"wp:featuredmedia":[{"embeddable":true,"href":"https:\/\/haberbesiktas.tr\/index.php?rest_route=\/wp\/v2\/media\/27860"}],"wp:attachment":[{"href":"https:\/\/haberbesiktas.tr\/index.php?rest_route=%2Fwp%2Fv2%2Fmedia&parent=27859"}],"wp:term":[{"taxonomy":"category","embeddable":true,"href":"https:\/\/haberbesiktas.tr\/index.php?rest_route=%2Fwp%2Fv2%2Fcategories&post=27859"},{"taxonomy":"post_tag","embeddable":true,"href":"https:\/\/haberbesiktas.tr\/index.php?rest_route=%2Fwp%2Fv2%2Ftags&post=27859"}],"curies":[{"name":"wp","href":"https:\/\/api.w.org\/{rel}","templated":true}]}}