{"id":2786,"date":"2025-01-11T14:54:45","date_gmt":"2025-01-11T14:54:45","guid":{"rendered":"https:\/\/haberbesiktas.tr\/?p=2786"},"modified":"2025-01-11T14:54:45","modified_gmt":"2025-01-11T14:54:45","slug":"karsiyaka-potada-nereden-nereye","status":"publish","type":"post","link":"https:\/\/haberbesiktas.tr\/?p=2786","title":{"rendered":"Kar\u015f\u0131yaka potada nereden nereye"},"content":{"rendered":"<div>Basketbolda S\u00fcper Lig&#8217;de 53 y\u0131ld\u0131r u\u011fra\u015f eden, Avrupa arenas\u0131nda ise son 15 d\u00f6nemi aral\u0131ks\u0131z olmak \u00fczere 1975&#8217;ten itibaren 50 y\u0131ldan beri \u00fclkemizi temsil eden potan\u0131n ekol ekibi Kar\u015f\u0131yaka, girdi\u011fi sponsor kriziyle da\u011f\u0131ld\u0131. <\/p>\n<p>Sezon ba\u015f\u0131nda 26 y\u0131ll\u0131k isim sponsorunu kaybeden, aylard\u0131r toplulu\u011fun ileri gelenlerinin mali takviyesi, kombine ve reklam gelirleri ile sponsorluktan ayr\u0131lmalar\u0131na kar\u015f\u0131n Ya\u015far Ailesi&#8217;nin katk\u0131lar\u0131yla maa\u015flar\u0131 zahmetle \u00f6deyip ayakta kalmaya \u00e7al\u0131\u015fan Kaf-Kaf, arg\u00fcmanl\u0131 tak\u0131m\u0131yla \u00e7ift kulvarda tepe yar\u0131\u015f\u0131 veriyordu.<\/p>\n<p> <strong>UFUK SARICA DA G\u0130TT\u0130<\/strong><\/p>\n<p>Yaln\u0131zca 1 hafta i\u00e7inde hem 5 k\u0131ymetli oyuncusunu hem de kul\u00fcb\u00fcn sembol ismi antren\u00f6r Ufuk Sar\u0131ca&#8217;y\u0131 kaybetti. <\/p>\n<p>\u0130zmir&#8217;in potadaki birinci ve y\u0131llard\u0131r tek milletleraras\u0131 markas\u0131 olan Kar\u015f\u0131yaka&#8217;n\u0131n takviye \u00e7\u0131\u011fl\u0131\u011f\u0131n\u0131 duyan \u00e7\u0131kmad\u0131.<\/p>\n<p><strong>5 OYUNCUSUNU KAYBETT\u0130<\/strong><\/p>\n<p> FIBA kanal\u0131yla ihtar \u00e7eken yabanc\u0131lara ge\u00e7en hafta son anda maa\u015f yat\u0131rmas\u0131na kar\u015f\u0131n evvel McCollum, Webb, Boutsiele ve Jefferson olmak \u00fczere 4 y\u0131ld\u0131z\u0131n\u0131, akabinde hafta ba\u015f\u0131nda kaptan\u0131 Kenan Sipahi&#8217;yi kaybeden ye\u015fil-k\u0131rm\u0131z\u0131l\u0131larda 10 y\u0131ll\u0131k Ufuk Sar\u0131ca periyodu de ac\u0131 bir formda sona erdi. <\/p>\n<p>Pazartesi ak\u015fam\u0131 idareyle bir ortaya gelerek kar\u015f\u0131l\u0131kl\u0131 olarak veda karar\u0131 alan Sar\u0131ca, sal\u0131 g\u00fcn\u00fc Ya\u015far Holding Y\u00f6netim Kurulu Lideri Feyhan Ya\u015far&#8217;la da g\u00f6r\u00fc\u015ft\u00fc. <\/p>\n<p>\u00c7ar\u015famba g\u00fcn\u00fc Basketbol \u015eampiyonlar Ligi&#8217;ndeki Promitheas Patras randevusunda ekibi yaln\u0131z b\u0131rakmayan deneyimli \u00e7al\u0131\u015ft\u0131r\u0131c\u0131 son ma\u00e7\u0131na \u00e7\u0131k\u0131p kul\u00fcbe veda etti. <\/p>\n<p>Potada gelece\u011fi me\u00e7hul olan Kar\u015f\u0131yaka&#8217;da ge\u00e7en ay\u0131n maa\u015flar\u0131 \u00f6denmesine kar\u015f\u0131n gruptan \u00f6teki ayr\u0131l\u0131klar da olabilece\u011fi \u00f6\u011frenildi.<\/p>\n<p> <strong>3 KUPA, 3 F\u0130NAL<\/strong><\/p>\n<p> Basketbol mesle\u011finde 2001-2002 d\u00f6neminde forma giydi\u011fi ye\u015fil-k\u0131rm\u0131z\u0131l\u0131lara birinci sefer 2012&#8217;de antren\u00f6r olarak d\u00f6nen Ufuk Sar\u0131ca, kul\u00fcbe potada tarihi muvaffakiyetler kazand\u0131rd\u0131. <\/p>\n<p>Kar\u015f\u0131yaka&#8217;da birinci olarak 2012-2016 y\u0131llar\u0131 ortas\u0131nda antren\u00f6rl\u00fck yapan Ufuk Sar\u0131ca, ekibe 2013&#8217;te Eurochallenge Cup&#8217;ta Avrupa&#8217;da birinci kere final oynat\u0131p, 2014&#8217;te birinci defa T\u00fcrkiye Kupas\u0131&#8217;n\u0131, akabinde Cumhurba\u015fkanl\u0131\u011f\u0131 Kupas\u0131 ve 2015&#8217;te S\u00fcper Lig \u015fampiyonlu\u011funu kazand\u0131rd\u0131. <\/p>\n<p>Kar\u015f\u0131yaka, Ufuk Sar\u0131ca idaresinde 2015-2016 d\u00f6neminde Avrupa&#8217;da birinci kere EuroLeague&#8217;de yer ald\u0131. <\/p>\n<p>Ye\u015fil-k\u0131rm\u0131z\u0131l\u0131lardan 2016&#8217;da ayr\u0131l\u0131p 3 d\u00f6nemlik ortadan sonra 2019&#8217;da geri gelen Ufuk Sar\u0131ca, son 5 d\u00f6nemde ekibine 2021 y\u0131l\u0131nda \u015eampiyonlar Ligi&#8217;nde, 2023&#8217;te de S\u00fcper Lig&#8217;de iki final oynatt\u0131.<\/p>\n<p> <strong>5 EKS\u0130KLE HAR\u0130KA M\u00dcCADELE<\/strong><\/p>\n<p> Kar\u015f\u0131yaka, birinci 5&#8217;teki de\u011ferli y\u0131ld\u0131zlar\u0131 ayr\u0131lmas\u0131na ra\u011fmen \u015eampiyonlar Ligi Play-In etab\u0131nda Yunan temsilcisi Promitheas Patras \u00f6n\u00fcnde m\u00fckemmel bir u\u011fra\u015f sergiledi. <\/p>\n<p>\u0130lk yar\u0131s\u0131nda 16 say\u0131 farkla yenik duruma d\u00fc\u015ft\u00fc\u011f\u00fc ma\u00e7ta 15-2&#8217;lik seriyle geri d\u00f6nen Kaf-Kaf, gen\u00e7 ekip destekli 10 ki\u015filik tak\u0131m\u0131yla \u00f6ne ge\u00e7ti. <\/p>\n<p>G\u00fc\u00e7l\u00fc rakibi kar\u015f\u0131s\u0131nda 2 yabanc\u0131l\u0131 kalan tak\u0131m\u0131yla son ana kadar sava\u015fmay\u0131 b\u0131rakmayan Kar\u015f\u0131yaka, parkeden 81-77 ma\u011flup ayr\u0131lmas\u0131na kar\u015f\u0131n alk\u0131\u015flarla u\u011furland\u0131. Antren\u00f6rs\u00fcz ve 5 eksikle kalan Kaf-Kaf, 15 Ocak&#8217;ta Yunanistan&#8217;da \u00e7\u0131kaca\u011f\u0131 r\u00f6van\u015f\u0131 da kaybederse Avrupa&#8217;da havlu atacak.<\/p>\n<\/div>\n","protected":false},"excerpt":{"rendered":"<p>Avrupa arenas\u0131nda 1975&#8217;ten itibaren 50 y\u0131ldan beri \u00fclkemizi temsil eden potan\u0131n ekol grubu Kar\u015f\u0131yaka, girdi\u011fi sponsor kriziyle da\u011f\u0131ld\u0131.<\/p>\n","protected":false},"author":1,"featured_media":2787,"comment_status":"open","ping_status":"open","sticky":false,"template":"","format":"standard","meta":{"footnotes":""},"categories":[10],"tags":[51,57,52,304],"class_list":["post-2786","post","type-post","status-publish","format-standard","has-post-thumbnail","hentry","category-basketbol","tag-lig","tag-sezon","tag-takim","tag-ufuk-sarica"],"_links":{"self":[{"href":"https:\/\/haberbesiktas.tr\/index.php?rest_route=\/wp\/v2\/posts\/2786","targetHints":{"allow":["GET"]}}],"collection":[{"href":"https:\/\/haberbesiktas.tr\/index.php?rest_route=\/wp\/v2\/posts"}],"about":[{"href":"https:\/\/haberbesiktas.tr\/index.php?rest_route=\/wp\/v2\/types\/post"}],"author":[{"embeddable":true,"href":"https:\/\/haberbesiktas.tr\/index.php?rest_route=\/wp\/v2\/users\/1"}],"replies":[{"embeddable":true,"href":"https:\/\/haberbesiktas.tr\/index.php?rest_route=%2Fwp%2Fv2%2Fcomments&post=2786"}],"version-history":[{"count":1,"href":"https:\/\/haberbesiktas.tr\/index.php?rest_route=\/wp\/v2\/posts\/2786\/revisions"}],"predecessor-version":[{"id":2788,"href":"https:\/\/haberbesiktas.tr\/index.php?rest_route=\/wp\/v2\/posts\/2786\/revisions\/2788"}],"wp:featuredmedia":[{"embeddable":true,"href":"https:\/\/haberbesiktas.tr\/index.php?rest_route=\/wp\/v2\/media\/2787"}],"wp:attachment":[{"href":"https:\/\/haberbesiktas.tr\/index.php?rest_route=%2Fwp%2Fv2%2Fmedia&parent=2786"}],"wp:term":[{"taxonomy":"category","embeddable":true,"href":"https:\/\/haberbesiktas.tr\/index.php?rest_route=%2Fwp%2Fv2%2Fcategories&post=2786"},{"taxonomy":"post_tag","embeddable":true,"href":"https:\/\/haberbesiktas.tr\/index.php?rest_route=%2Fwp%2Fv2%2Ftags&post=2786"}],"curies":[{"name":"wp","href":"https:\/\/api.w.org\/{rel}","templated":true}]}}