{"id":27862,"date":"2025-05-08T04:48:15","date_gmt":"2025-05-08T04:48:15","guid":{"rendered":"https:\/\/haberbesiktas.tr\/?p=27862"},"modified":"2025-05-08T04:48:15","modified_gmt":"2025-05-08T04:48:15","slug":"nico-williamstan-wilfried-zaha-itirafi","status":"publish","type":"post","link":"https:\/\/haberbesiktas.tr\/?p=27862","title":{"rendered":"Nico Williams&#8217;tan Wilfried Zaha itiraf\u0131!"},"content":{"rendered":"<div>Futbol d\u00fcnyas\u0131nda be\u011fendi\u011fi oyuncular soruldu\u011funda ise Neymar ve Cristiano Ronaldo \u00fczere y\u0131ld\u0131zlar\u0131 sevdi\u011fini lisana getiren Williams, beklenmedik bir ismi de listeye ekledi: Wilfried Zaha.<\/p>\n<p> Crystal Palace devrinde Fildi\u015fi K\u0131y\u0131l\u0131 futbolcuya \u00f6zel bir ilgi duydu\u011funu belirten gen\u00e7 yetenek, \u015fu s\u00f6zleri kulland\u0131:<\/p>\n<p> &#8220;Daha evvel ismini vermemi\u015ftim fakat Zaha&#8217;y\u0131 nitekim \u00e7ok severdim. Hatta sa\u00e7\u0131m\u0131 onun \u00fczere kestirdim. \u00c7al\u0131mlar\u0131n\u0131 ve hareketlerini kopyalamaya \u00e7al\u0131\u015ft\u0131m. Neymar, Ronaldo ve Zaha \u00fczere oynamak istedim ancak \u015fimdi onlar\u0131n yapabildiklerinin s\u0131rf %5&#8217;ini ger\u00e7ekle\u015ftirebildim.&#8221;<\/p>\n<p> <span><strong>&#8220;KALMAK HAK\u0130KAT KARARDI&#8221;<\/strong><\/span><\/p>\n<p> Williams, \u015fimdi 22 ya\u015f\u0131nda olmas\u0131na kar\u015f\u0131n \u0130spanya Ulusal Ekibi ile Avrupa \u015eampiyonas\u0131 kazanarak b\u00fcy\u00fck bir muvaffakiyete imza att\u0131. Athletic Bilbao formas\u0131yla g\u00f6sterdi\u011fi performansla dikkat \u00e7eken gen\u00e7 y\u0131ld\u0131z, \u00e7\u0131kt\u0131\u011f\u0131 156 ma\u00e7ta 26 gol ve 28 asistlik katk\u0131 sa\u011flad\u0131. Ge\u00e7ti\u011fimiz yaz ismi Barcelona ile an\u0131lsa da, Bask b\u00f6lgesinde kalman\u0131n kendisi i\u00e7in en ger\u00e7ek karar oldu\u011funu belirtti.<\/p>\n<\/div>\n<p><\/p>\n","protected":false},"excerpt":{"rendered":"<p>Athletic Bilbao&#8217;nun gen\u00e7 yetene\u011fi Nico Williams, Frans\u0131z gazetesi L&#8217;Equipe ile yapt\u0131\u011f\u0131 r\u00f6portajda \u00e7ocukluk kahramanlar\u0131n\u0131 ve futbolculuk ser\u00fcvenindeki ilham kaynaklar\u0131n\u0131 payla\u015ft\u0131.<\/p>\n","protected":false},"author":1,"featured_media":27863,"comment_status":"open","ping_status":"open","sticky":false,"template":"","format":"standard","meta":{"footnotes":""},"categories":[25],"tags":[],"class_list":["post-27862","post","type-post","status-publish","format-standard","has-post-thumbnail","hentry","category-futbol"],"_links":{"self":[{"href":"https:\/\/haberbesiktas.tr\/index.php?rest_route=\/wp\/v2\/posts\/27862","targetHints":{"allow":["GET"]}}],"collection":[{"href":"https:\/\/haberbesiktas.tr\/index.php?rest_route=\/wp\/v2\/posts"}],"about":[{"href":"https:\/\/haberbesiktas.tr\/index.php?rest_route=\/wp\/v2\/types\/post"}],"author":[{"embeddable":true,"href":"https:\/\/haberbesiktas.tr\/index.php?rest_route=\/wp\/v2\/users\/1"}],"replies":[{"embeddable":true,"href":"https:\/\/haberbesiktas.tr\/index.php?rest_route=%2Fwp%2Fv2%2Fcomments&post=27862"}],"version-history":[{"count":1,"href":"https:\/\/haberbesiktas.tr\/index.php?rest_route=\/wp\/v2\/posts\/27862\/revisions"}],"predecessor-version":[{"id":27864,"href":"https:\/\/haberbesiktas.tr\/index.php?rest_route=\/wp\/v2\/posts\/27862\/revisions\/27864"}],"wp:featuredmedia":[{"embeddable":true,"href":"https:\/\/haberbesiktas.tr\/index.php?rest_route=\/wp\/v2\/media\/27863"}],"wp:attachment":[{"href":"https:\/\/haberbesiktas.tr\/index.php?rest_route=%2Fwp%2Fv2%2Fmedia&parent=27862"}],"wp:term":[{"taxonomy":"category","embeddable":true,"href":"https:\/\/haberbesiktas.tr\/index.php?rest_route=%2Fwp%2Fv2%2Fcategories&post=27862"},{"taxonomy":"post_tag","embeddable":true,"href":"https:\/\/haberbesiktas.tr\/index.php?rest_route=%2Fwp%2Fv2%2Ftags&post=27862"}],"curies":[{"name":"wp","href":"https:\/\/api.w.org\/{rel}","templated":true}]}}