{"id":27865,"date":"2025-05-08T05:00:16","date_gmt":"2025-05-08T05:00:16","guid":{"rendered":"https:\/\/haberbesiktas.tr\/?p=27865"},"modified":"2025-05-08T05:00:16","modified_gmt":"2025-05-08T05:00:16","slug":"somaspor-hayata-dondu","status":"publish","type":"post","link":"https:\/\/haberbesiktas.tr\/?p=27865","title":{"rendered":"Somaspor hayata d\u00f6nd\u00fc"},"content":{"rendered":"<div>2. Lig K\u0131rm\u0131z\u0131 K\u00fcme&#8217;de deplasmanda Nazillispor&#8217;u 4-0 ma\u011flup eden Somaspor, yeni teknik y\u00f6neticisi \u00d6zg\u00fcr Bayer idaresinde \u00e7\u0131kt\u0131\u011f\u0131 birinci m\u00fcsabakadan 3 puanla ayr\u0131larak d\u00f6nemin ikinci devresindeki birinci zaferine imza att\u0131. <\/p>\n<p>Siyah-beyazl\u0131 ekip 7 haftal\u0131k galibiyet hasretini sona erdirirken 3 haftal\u0131k gol atamama meselesini da farkl\u0131 galibiyetle sona erdirdi. \u0130kinci yar\u0131n\u0131n birinci 7 kar\u015f\u0131la\u015fmas\u0131nda yaln\u0131zca 1 defa rakip fileleri sarsan Somaspor, Nazilli deplasman\u0131nda patlama ya\u015fad\u0131.<\/p>\n<p> <strong>&#8220;REHAVETE KAPILMAMALIYIZ&#8221;<br \/><\/strong><br \/>Soma temsilcisi bu m\u00fcsabaka \u00f6ncesi son galibiyetini birinci yar\u0131n\u0131n son ma\u00e7\u0131nda 22 Aral\u0131k&#8217;ta deplasmanda Giresunspor&#8217;u 4-0 yenerek alm\u0131\u015ft\u0131. Somaspor, ikinci yar\u0131da 4 yenilgi, 3 beraberlik ald\u0131ktan 78 g\u00fcn sonra 3 puan\u0131 bir arada g\u00f6rd\u00fc. Ligde puan\u0131n\u0131 29&#8217;a \u00e7\u0131kar\u0131p 12&#8217;nci s\u0131raya y\u00fckselen siyah-beyazl\u0131 grup d\u00fc\u015fme s\u0131n\u0131r\u0131yla ortas\u0131ndaki puan fark\u0131n\u0131 13&#8217;ten 15&#8217;e \u00e7\u0131kararak rahatlad\u0131. Somaspor Teknik Y\u00f6neticisi \u00d6zg\u00fcr Bayer, <strong>&#8220;Bu galibiyet bizim i\u00e7in yeni bir ba\u015flang\u0131\u00e7 olmal\u0131. Fakat rehavete kap\u0131lmamal\u0131y\u0131z&#8221;<\/strong> dedi.<\/p>\n<\/div>\n<p><\/p>\n","protected":false},"excerpt":{"rendered":"<p>Somaspor, yeni teknik y\u00f6neticileri \u00d6zg\u00fcr Bayer idaresinde galibiyet alarak derin bir nefes ald\u0131.<\/p>\n","protected":false},"author":1,"featured_media":27866,"comment_status":"open","ping_status":"open","sticky":false,"template":"","format":"standard","meta":{"footnotes":""},"categories":[25],"tags":[166],"class_list":["post-27865","post","type-post","status-publish","format-standard","has-post-thumbnail","hentry","category-futbol","tag-soma"],"_links":{"self":[{"href":"https:\/\/haberbesiktas.tr\/index.php?rest_route=\/wp\/v2\/posts\/27865","targetHints":{"allow":["GET"]}}],"collection":[{"href":"https:\/\/haberbesiktas.tr\/index.php?rest_route=\/wp\/v2\/posts"}],"about":[{"href":"https:\/\/haberbesiktas.tr\/index.php?rest_route=\/wp\/v2\/types\/post"}],"author":[{"embeddable":true,"href":"https:\/\/haberbesiktas.tr\/index.php?rest_route=\/wp\/v2\/users\/1"}],"replies":[{"embeddable":true,"href":"https:\/\/haberbesiktas.tr\/index.php?rest_route=%2Fwp%2Fv2%2Fcomments&post=27865"}],"version-history":[{"count":1,"href":"https:\/\/haberbesiktas.tr\/index.php?rest_route=\/wp\/v2\/posts\/27865\/revisions"}],"predecessor-version":[{"id":27867,"href":"https:\/\/haberbesiktas.tr\/index.php?rest_route=\/wp\/v2\/posts\/27865\/revisions\/27867"}],"wp:featuredmedia":[{"embeddable":true,"href":"https:\/\/haberbesiktas.tr\/index.php?rest_route=\/wp\/v2\/media\/27866"}],"wp:attachment":[{"href":"https:\/\/haberbesiktas.tr\/index.php?rest_route=%2Fwp%2Fv2%2Fmedia&parent=27865"}],"wp:term":[{"taxonomy":"category","embeddable":true,"href":"https:\/\/haberbesiktas.tr\/index.php?rest_route=%2Fwp%2Fv2%2Fcategories&post=27865"},{"taxonomy":"post_tag","embeddable":true,"href":"https:\/\/haberbesiktas.tr\/index.php?rest_route=%2Fwp%2Fv2%2Ftags&post=27865"}],"curies":[{"name":"wp","href":"https:\/\/api.w.org\/{rel}","templated":true}]}}