{"id":27874,"date":"2025-05-08T05:36:14","date_gmt":"2025-05-08T05:36:14","guid":{"rendered":"https:\/\/haberbesiktas.tr\/?p=27874"},"modified":"2025-05-08T05:36:14","modified_gmt":"2025-05-08T05:36:14","slug":"solskjaerden-serdar-topraktepe-karari","status":"publish","type":"post","link":"https:\/\/haberbesiktas.tr\/?p=27874","title":{"rendered":"Solskjaer&#8217;den Serdar Topraktepe karar\u0131!"},"content":{"rendered":"<div>\n<p>Be\u015fikta\u015f&#8217;ta Ole Gunnar Solskjaer&#8217;in vazifeye gelmesi sonras\u0131 Serdar Topraktepe, yard\u0131mc\u0131 antren\u00f6r olarak i\u015fine devam ediyor.<\/p>\n<p> Topraktepe&#8217;ye S\u00fcper Lig tak\u0131mlar\u0131ndan ilgi oldu\u011fu tez edilirken Ole Gunnar Solskjaer&#8217;in tecr\u00fcbeli antren\u00f6rle ilgili karar\u0131n\u0131 a\u00e7\u0131klad\u0131\u011f\u0131 belirtildi.\u00a0<\/p>\n<p> S\u00f6zc\u00fc&#8217;de yer alan habere nazaran, Solskjaer&#8217;in Serdar Topraktepe&#8217;yi b\u0131rakmaya niyeti yok.<\/p>\n<p> Norve\u00e7li \u00e7al\u0131\u015ft\u0131c\u0131n\u0131n idareye <strong>&#8220;Serdar Topraktepe bizimle kalmal\u0131&#8221;<\/strong> dedi\u011fi tabir edildi.\u00a0<\/p>\n<div>\u00a0<\/div>\n<\/div>\n<p><\/p>\n","protected":false},"excerpt":{"rendered":"<p>Solskjaer, Serdar Topraktepe&#8217;nin Be\u015fikta\u015f&#8217;ta kalmas\u0131n\u0131 istiyor.<\/p>\n","protected":false},"author":1,"featured_media":27875,"comment_status":"open","ping_status":"open","sticky":false,"template":"","format":"standard","meta":{"footnotes":""},"categories":[25],"tags":[],"class_list":["post-27874","post","type-post","status-publish","format-standard","has-post-thumbnail","hentry","category-futbol"],"_links":{"self":[{"href":"https:\/\/haberbesiktas.tr\/index.php?rest_route=\/wp\/v2\/posts\/27874","targetHints":{"allow":["GET"]}}],"collection":[{"href":"https:\/\/haberbesiktas.tr\/index.php?rest_route=\/wp\/v2\/posts"}],"about":[{"href":"https:\/\/haberbesiktas.tr\/index.php?rest_route=\/wp\/v2\/types\/post"}],"author":[{"embeddable":true,"href":"https:\/\/haberbesiktas.tr\/index.php?rest_route=\/wp\/v2\/users\/1"}],"replies":[{"embeddable":true,"href":"https:\/\/haberbesiktas.tr\/index.php?rest_route=%2Fwp%2Fv2%2Fcomments&post=27874"}],"version-history":[{"count":1,"href":"https:\/\/haberbesiktas.tr\/index.php?rest_route=\/wp\/v2\/posts\/27874\/revisions"}],"predecessor-version":[{"id":27876,"href":"https:\/\/haberbesiktas.tr\/index.php?rest_route=\/wp\/v2\/posts\/27874\/revisions\/27876"}],"wp:featuredmedia":[{"embeddable":true,"href":"https:\/\/haberbesiktas.tr\/index.php?rest_route=\/wp\/v2\/media\/27875"}],"wp:attachment":[{"href":"https:\/\/haberbesiktas.tr\/index.php?rest_route=%2Fwp%2Fv2%2Fmedia&parent=27874"}],"wp:term":[{"taxonomy":"category","embeddable":true,"href":"https:\/\/haberbesiktas.tr\/index.php?rest_route=%2Fwp%2Fv2%2Fcategories&post=27874"},{"taxonomy":"post_tag","embeddable":true,"href":"https:\/\/haberbesiktas.tr\/index.php?rest_route=%2Fwp%2Fv2%2Ftags&post=27874"}],"curies":[{"name":"wp","href":"https:\/\/api.w.org\/{rel}","templated":true}]}}