{"id":27923,"date":"2025-05-08T08:48:14","date_gmt":"2025-05-08T08:48:14","guid":{"rendered":"https:\/\/haberbesiktas.tr\/?p=27923"},"modified":"2025-05-08T08:48:14","modified_gmt":"2025-05-08T08:48:14","slug":"erkan-sozeri-bu-kadar-mahcup-oldugum-bir-mac-yok","status":"publish","type":"post","link":"https:\/\/haberbesiktas.tr\/?p=27923","title":{"rendered":"Erkan S\u00f6zeri: &#8220;Bu kadar mahcup oldu\u011fum bir ma\u00e7 yok&#8221;"},"content":{"rendered":"<div>Emre G\u00f6kdemir \u0130n\u015faat Ankara Ke\u00e7i\u00f6reng\u00fcc\u00fc Teknik Y\u00f6neticisi Erkan S\u00f6zeri, ma\u00e7\u0131n akabinde \u00fczg\u00fcn oldu\u011funu lisana getirdi.<\/p>\n<p> S\u00f6zeri, &#8220;Bize yak\u0131\u015fmayan bir oyun ve sonu\u00e7. Kul\u00fcb\u00fcm\u00fcz\u00fcn imkanlar\u0131n\u0131n tam kar\u015f\u0131l\u0131\u011f\u0131n\u0131 veremedi\u011fimiz i\u00e7in mahcubiyet duyuyoruz. Mahcup olmak tahlil de\u011fil ancak bir fazilettir. \u00c7ok \u00fczg\u00fcn\u00fcm. 20 y\u0131ll\u0131k antren\u00f6rl\u00fck mesle\u011fimde bu kadar mahcup oldu\u011fum bir ma\u00e7 hat\u0131rlam\u0131yorum. Tekrar aya\u011fa kalkmak, bir karakter ve duru\u015f g\u00f6stermek laz\u0131m. Bu duru\u015fu g\u00f6steremedi\u011fimiz i\u00e7in kul\u00fcb\u00fcm\u00fczden ve taraftar\u0131m\u0131zdan \u00f6z\u00fcr dilemekten di\u011fer derman\u0131m\u0131z yok.&#8221; diyerek kelamlar\u0131n\u0131 tamamlad\u0131.<\/p>\n<\/div>\n<p><\/p>\n","protected":false},"excerpt":{"rendered":"<p>Trendyol 1. Lig&#8217;in 29. haftas\u0131nda meskeninde Erzurumspor&#8217;a 3-1 ma\u011flup olan Ke\u00e7i\u00f6reng\u00fcc\u00fc&#8217;nde teknik y\u00f6netici Erkan S\u00f6zeri ma\u00e7\u0131n akabinde konu\u015ftu.<\/p>\n","protected":false},"author":1,"featured_media":27924,"comment_status":"open","ping_status":"open","sticky":false,"template":"","format":"standard","meta":{"footnotes":""},"categories":[25],"tags":[],"class_list":["post-27923","post","type-post","status-publish","format-standard","has-post-thumbnail","hentry","category-futbol"],"_links":{"self":[{"href":"https:\/\/haberbesiktas.tr\/index.php?rest_route=\/wp\/v2\/posts\/27923","targetHints":{"allow":["GET"]}}],"collection":[{"href":"https:\/\/haberbesiktas.tr\/index.php?rest_route=\/wp\/v2\/posts"}],"about":[{"href":"https:\/\/haberbesiktas.tr\/index.php?rest_route=\/wp\/v2\/types\/post"}],"author":[{"embeddable":true,"href":"https:\/\/haberbesiktas.tr\/index.php?rest_route=\/wp\/v2\/users\/1"}],"replies":[{"embeddable":true,"href":"https:\/\/haberbesiktas.tr\/index.php?rest_route=%2Fwp%2Fv2%2Fcomments&post=27923"}],"version-history":[{"count":1,"href":"https:\/\/haberbesiktas.tr\/index.php?rest_route=\/wp\/v2\/posts\/27923\/revisions"}],"predecessor-version":[{"id":27925,"href":"https:\/\/haberbesiktas.tr\/index.php?rest_route=\/wp\/v2\/posts\/27923\/revisions\/27925"}],"wp:featuredmedia":[{"embeddable":true,"href":"https:\/\/haberbesiktas.tr\/index.php?rest_route=\/wp\/v2\/media\/27924"}],"wp:attachment":[{"href":"https:\/\/haberbesiktas.tr\/index.php?rest_route=%2Fwp%2Fv2%2Fmedia&parent=27923"}],"wp:term":[{"taxonomy":"category","embeddable":true,"href":"https:\/\/haberbesiktas.tr\/index.php?rest_route=%2Fwp%2Fv2%2Fcategories&post=27923"},{"taxonomy":"post_tag","embeddable":true,"href":"https:\/\/haberbesiktas.tr\/index.php?rest_route=%2Fwp%2Fv2%2Ftags&post=27923"}],"curies":[{"name":"wp","href":"https:\/\/api.w.org\/{rel}","templated":true}]}}