{"id":27938,"date":"2025-05-08T09:48:16","date_gmt":"2025-05-08T09:48:16","guid":{"rendered":"https:\/\/haberbesiktas.tr\/?p=27938"},"modified":"2025-05-08T09:48:16","modified_gmt":"2025-05-08T09:48:16","slug":"inzaghiden-hakan-calhanogluna-ovgu","status":"publish","type":"post","link":"https:\/\/haberbesiktas.tr\/?p=27938","title":{"rendered":"Inzaghi&#8217;den Hakan \u00c7alhano\u011flu&#8217;na \u00f6vg\u00fc!"},"content":{"rendered":"<div>UEFA \u015eampiyonlar Ligi&#8217;nde sal\u0131 g\u00fcn\u00fc Feyenoord&#8217;u konuk edecek Inter&#8217;de teknik y\u00f6netici Simone Inzaghi, m\u00fcsabaka \u00f6ncesi TRT Spor&#8217;a a\u00e7\u0131klamalarda bulundu.<\/p>\n<p> Feyenoord ma\u00e7\u0131n\u0131n kuvvetli bir m\u00fcsabaka olaca\u011f\u0131n\u0131 s\u00f6z eden Inzaghi, <strong>&#8220;\u0130lk ma\u00e7\u0131n avantaj\u0131n\u0131 kullanarak bu ma\u00e7a da en uygun halde haz\u0131rland\u0131k. Bu ma\u00e7 bizim i\u00e7in \u00e7ok k\u0131ymetli; gayemizde Avrupa&#8217;da birinci sekize girmek var. Bu nedenle, kendi alan\u0131m\u0131zda ve seyircimiz \u00f6n\u00fcnde kesinlikle galip gelmek i\u00e7in gayret edece\u011fiz. Oyuncular\u0131m\u0131n, kendilerine d\u00fc\u015feni en uygun halde yapacaklar\u0131na inan\u0131yorum. Nat\u00fcrel ki misyona geldi\u011fim g\u00fcnden bu yana grup i\u00e7inde kurdu\u011fum ahenk ve diyalog, ho\u015f sonu\u00e7lar almam\u0131zda de\u011ferli bir etken. Aram\u0131zdaki birlikteli\u011fi, oyuncular, teknik grup, kul\u00fcp ve taraftarlar ortas\u0131ndaki ba\u011f\u0131 \u00e7ok pahal\u0131 buluyoruz; bu bizi g\u00fc\u00e7l\u00fc k\u0131l\u0131yor. Ba\u015far\u0131l\u0131 olmak ve kazanmak i\u00e7in bu halde devam etmemiz gerekti\u011fini d\u00fc\u015f\u00fcn\u00fcyoruz&#8221;<\/strong> dedi.<\/p>\n<p> Ligde de en yak\u0131n takip\u00e7isi ve Napoli&#8217;nin kendilerini zorlad\u0131\u011f\u0131n\u0131 hat\u0131rlatan Inzaghi,<strong> &#8220;Bu s\u00fcre\u00e7te al\u0131\u015f\u0131lm\u0131\u015f ki her ma\u00e7 de\u011ferli ve kazanmak i\u00e7in alana \u00e7\u0131k\u0131yoruz. Art\u0131k \u015eampiyonlar Ligi&#8217;ni d\u00fc\u015f\u00fcnmek istiyorum, kazanmak ve k\u0131ymetli bir \u015feyler ba\u015farmak istiyoruz, kupalar\u0131 kazanmak istiyoruz. Lakin ayn\u0131 zamanda ligde de, Atalanta ve Napoli&#8217;nin ligde ba\u015fkan olmam\u0131za kar\u015f\u0131n bize yak\u0131n oldu\u011funu g\u00f6rd\u00fck. Lig ma\u00e7lar\u0131n\u0131, \u00c7ar\u015famba g\u00fcn\u00fc \u015eampiyonlar Ligi&#8217;nde bir \u00fcst tipe \u00e7\u0131kt\u0131ktan sonra d\u00fc\u015f\u00fcnmek istiyoruz. Sadece lig yok, \u0130talya Kupas\u0131 da var. Bu d\u00f6nem gayemiz \u00fc\u00e7 kupa lakin oynayaca\u011f\u0131m\u0131z daha \u00e7ok ma\u00e7 var. \u015eu anda kademeli olarak ma\u00e7tan ma\u00e7a bunlar\u0131 d\u00fc\u015f\u00fcnmek istiyorum.&#8221;<\/strong> tabirlerini kulland\u0131.<\/p>\n<p> <strong>HAKAN \u00c7ALHANO\u011eLU<\/strong><\/p>\n<p> Muhte\u015fem Kupa&#8217;da sakatlanan ve bir m\u00fcddet istedi\u011fi formdan uzak kalan Hakan i\u00e7in de \u00f6vg\u00fcyle bahseden teknik y\u00f6netici Inzaghi, <strong>&#8220;Evet, Inter&#8217;de her oyuncumuz pahal\u0131, her birinin vazifesi ba\u015fka. Sorumlulu\u011fu b\u00fcy\u00fck. Hakan&#8217;\u0131n yine s\u0131hhatine kavu\u015farak kadrodaki yerini almas\u0131 bizleri sevindirdi. Hakan, rol\u00fc ve alandaki varl\u0131\u011f\u0131yla \u015fu anda bizim i\u00e7in \u00e7ok k\u0131ymetli bir oyuncu. Onun sa\u011fl\u0131kl\u0131 olmas\u0131 bizi memnun ediyor, son ma\u00e7larda oldu\u011fu \u00fczere bu t\u00fcrl\u00fc devam etmeli.&#8221;<\/strong> dedi.<\/p>\n<\/div>\n<p><\/p>\n","protected":false},"excerpt":{"rendered":"<p>Inter Teknik Y\u00f6neticisi Simone Inzaghi, ulusal futbolcumuz Hakan \u00c7alhano\u011flu ile ilgili \u00f6vg\u00fc dolu kelamlar sarf etti.<\/p>\n","protected":false},"author":1,"featured_media":27939,"comment_status":"open","ping_status":"open","sticky":false,"template":"","format":"standard","meta":{"footnotes":""},"categories":[25],"tags":[51,50,853],"class_list":["post-27938","post","type-post","status-publish","format-standard","has-post-thumbnail","hentry","category-futbol","tag-lig","tag-mac","tag-onemli"],"_links":{"self":[{"href":"https:\/\/haberbesiktas.tr\/index.php?rest_route=\/wp\/v2\/posts\/27938","targetHints":{"allow":["GET"]}}],"collection":[{"href":"https:\/\/haberbesiktas.tr\/index.php?rest_route=\/wp\/v2\/posts"}],"about":[{"href":"https:\/\/haberbesiktas.tr\/index.php?rest_route=\/wp\/v2\/types\/post"}],"author":[{"embeddable":true,"href":"https:\/\/haberbesiktas.tr\/index.php?rest_route=\/wp\/v2\/users\/1"}],"replies":[{"embeddable":true,"href":"https:\/\/haberbesiktas.tr\/index.php?rest_route=%2Fwp%2Fv2%2Fcomments&post=27938"}],"version-history":[{"count":1,"href":"https:\/\/haberbesiktas.tr\/index.php?rest_route=\/wp\/v2\/posts\/27938\/revisions"}],"predecessor-version":[{"id":27940,"href":"https:\/\/haberbesiktas.tr\/index.php?rest_route=\/wp\/v2\/posts\/27938\/revisions\/27940"}],"wp:featuredmedia":[{"embeddable":true,"href":"https:\/\/haberbesiktas.tr\/index.php?rest_route=\/wp\/v2\/media\/27939"}],"wp:attachment":[{"href":"https:\/\/haberbesiktas.tr\/index.php?rest_route=%2Fwp%2Fv2%2Fmedia&parent=27938"}],"wp:term":[{"taxonomy":"category","embeddable":true,"href":"https:\/\/haberbesiktas.tr\/index.php?rest_route=%2Fwp%2Fv2%2Fcategories&post=27938"},{"taxonomy":"post_tag","embeddable":true,"href":"https:\/\/haberbesiktas.tr\/index.php?rest_route=%2Fwp%2Fv2%2Ftags&post=27938"}],"curies":[{"name":"wp","href":"https:\/\/api.w.org\/{rel}","templated":true}]}}