{"id":27941,"date":"2025-05-08T10:00:15","date_gmt":"2025-05-08T10:00:15","guid":{"rendered":"https:\/\/haberbesiktas.tr\/?p=27941"},"modified":"2025-05-08T10:00:15","modified_gmt":"2025-05-08T10:00:15","slug":"canli-fatih-terim-konusuyor","status":"publish","type":"post","link":"https:\/\/haberbesiktas.tr\/?p=27941","title":{"rendered":"CANLI: Fatih Terim konu\u015fuyor!"},"content":{"rendered":"<div>Al Shabab Teknik Y\u00f6neticisi Fatih Terim, TRT Spor&#8217;da a\u00e7\u0131klamalarda bulunuyor. Terim&#8217;in a\u00e7\u0131klamalar\u0131n\u0131 aktar\u0131yoruz.<\/p>\n<p> <strong>SAYFA DA\u0130MA G\u00dcNCELLENMEKTED\u0130R, TIKLAYINIZ<\/strong><\/p>\n<\/div>\n<p><\/p>\n","protected":false},"excerpt":{"rendered":"<p>Al Shabab Teknik Y\u00f6neticisi Fatih Terim, canl\u0131 yay\u0131nda a\u00e7\u0131klamalarda bulunuyor.<\/p>\n","protected":false},"author":1,"featured_media":27942,"comment_status":"open","ping_status":"open","sticky":false,"template":"","format":"standard","meta":{"footnotes":""},"categories":[25],"tags":[],"class_list":["post-27941","post","type-post","status-publish","format-standard","has-post-thumbnail","hentry","category-futbol"],"_links":{"self":[{"href":"https:\/\/haberbesiktas.tr\/index.php?rest_route=\/wp\/v2\/posts\/27941","targetHints":{"allow":["GET"]}}],"collection":[{"href":"https:\/\/haberbesiktas.tr\/index.php?rest_route=\/wp\/v2\/posts"}],"about":[{"href":"https:\/\/haberbesiktas.tr\/index.php?rest_route=\/wp\/v2\/types\/post"}],"author":[{"embeddable":true,"href":"https:\/\/haberbesiktas.tr\/index.php?rest_route=\/wp\/v2\/users\/1"}],"replies":[{"embeddable":true,"href":"https:\/\/haberbesiktas.tr\/index.php?rest_route=%2Fwp%2Fv2%2Fcomments&post=27941"}],"version-history":[{"count":1,"href":"https:\/\/haberbesiktas.tr\/index.php?rest_route=\/wp\/v2\/posts\/27941\/revisions"}],"predecessor-version":[{"id":27943,"href":"https:\/\/haberbesiktas.tr\/index.php?rest_route=\/wp\/v2\/posts\/27941\/revisions\/27943"}],"wp:featuredmedia":[{"embeddable":true,"href":"https:\/\/haberbesiktas.tr\/index.php?rest_route=\/wp\/v2\/media\/27942"}],"wp:attachment":[{"href":"https:\/\/haberbesiktas.tr\/index.php?rest_route=%2Fwp%2Fv2%2Fmedia&parent=27941"}],"wp:term":[{"taxonomy":"category","embeddable":true,"href":"https:\/\/haberbesiktas.tr\/index.php?rest_route=%2Fwp%2Fv2%2Fcategories&post=27941"},{"taxonomy":"post_tag","embeddable":true,"href":"https:\/\/haberbesiktas.tr\/index.php?rest_route=%2Fwp%2Fv2%2Ftags&post=27941"}],"curies":[{"name":"wp","href":"https:\/\/api.w.org\/{rel}","templated":true}]}}