{"id":27948,"date":"2025-05-08T10:48:17","date_gmt":"2025-05-08T10:48:17","guid":{"rendered":"https:\/\/haberbesiktas.tr\/?p=27948"},"modified":"2025-05-08T10:48:17","modified_gmt":"2025-05-08T10:48:17","slug":"leon-balogun-mourinhonun-planlarina-karsi-haziriz","status":"publish","type":"post","link":"https:\/\/haberbesiktas.tr\/?p=27948","title":{"rendered":"Leon Balogun: &#8220;Mourinho&#8217;nun planlar\u0131na kar\u015f\u0131 haz\u0131r\u0131z&#8221;"},"content":{"rendered":"<div>Rangers&#8217;\u0131n tecr\u00fcbeli savunmac\u0131s\u0131 Leon Balogun, UEFA Avrupa Ligi son 16 \u00e7e\u015fidi r\u00f6van\u015f ma\u00e7\u0131nda Fenerbah\u00e7e&#8217;ye kar\u015f\u0131 haz\u0131r olduklar\u0131n\u0131 ve Jose Mourinho&#8217;nun taktiklerine kar\u015f\u0131 uyan\u0131k olacaklar\u0131n\u0131 s\u00f6yledi.<\/p>\n<p> \u0130sko\u00e7 temsilcisi, birinci ma\u00e7ta \u0130stanbul&#8217;da ald\u0131\u011f\u0131 3-1&#8217;lik galibiyetle \u00e7eyrek final kap\u0131s\u0131n\u0131 ortalarken, Per\u015fembe g\u00fcn\u00fc Ibrox&#8217;ta oynanacak r\u00f6van\u015f ma\u00e7\u0131nda i\u015fi tamamlamak istiyor. Fakat Balogun, Mourinho&#8217;nun Avrupa&#8217;daki geri d\u00f6n\u00fc\u015f yetene\u011fine dikkat \u00e7ekerek, &#8220;Bu i\u015f \u015fimdi bitmi\u015f de\u011fil&#8221; dedi.<\/p>\n<p> <strong>&#8220;\u00d6NCEL\u0130\u011e\u0130M\u0130Z AVRUPA&#8221;<\/strong><\/p>\n<p> Sky Sports&#8217;a konu\u015fan Nijeryal\u0131 stoper, Fenerbah\u00e7e kar\u015f\u0131s\u0131nda odaklar\u0131n\u0131 muhafazalar\u0131 gerekti\u011fini belirtti:<\/p>\n<p> &#8220;\u0130ki b\u00fcy\u00fck ma\u00e7\u0131n oldu\u011fu k\u0131ymetli bir haftaday\u0131z. Birinci olarak Fenerbah\u00e7e&#8217;ye odaklanmal\u0131y\u0131z. \u0130stanbul&#8217;da m\u00fckemmel bir sonu\u00e7 ald\u0131k fakat kar\u015f\u0131m\u0131zda Jose Mourinho \u00fczere bir isim ve kaliteli oyuncular var. Bu y\u00fczden i\u015fimizin bitti\u011fini d\u00fc\u015f\u00fcnm\u00fcyoruz.&#8221;<\/p>\n<p> Hafta sonu Celtic ile oynanacak Old Firm derbisini bir kenara b\u0131rakt\u0131\u011f\u0131n\u0131 belirten Balogun, &#8220;\u015eu an tek maksad\u0131m\u0131z Avrupa&#8217;da \u00e7eyrek finale y\u00fckselmek. Fenerbah\u00e7e ma\u00e7\u0131na b\u00fcsb\u00fct\u00fcn odaklanmal\u0131y\u0131z&#8221; tabirlerini kulland\u0131.<\/p>\n<p> <strong>&#8220;MOURINHO&#8217;NUN ATAKLARINA KAR\u015eI HAZIRIZ&#8221;<\/strong><\/p>\n<p> Rangers, Mourinho&#8217;nun kadrosu Fenerbah\u00e7e&#8217;nin r\u00f6van\u015fta farkl\u0131 bir stratejiyle alana \u00e7\u0131kaca\u011f\u0131n\u0131 d\u00fc\u015f\u00fcn\u00fcyor.<\/p>\n<p> Balogun, &#8220;Mourinho&#8217;nun oradaki ma\u00e7tan sonra memnun olmad\u0131\u011f\u0131n\u0131 biliyoruz. Mutlaka bizim i\u00e7in birtak\u0131m planlar\u0131 olacakt\u0131r. Ancak biz de kendimize g\u00fcveniyoruz ve top bizdeyken daha \u00e2l\u00e2 bir oyun ortaya koyabiliriz.&#8221; dedi.<\/p>\n<p> <strong>&#8220;IBROX ATMOSFER\u0130 B\u00dcY\u00dcK AVANTAJ&#8221;<\/strong><\/p>\n<p> Balogun, taraftar takviyesinin ehemmiyetine vurgu yaparak, ge\u00e7mi\u015fteki Avrupa muvaffakiyetlerini hat\u0131rlatt\u0131:<\/p>\n<p> &#8220;Ibrox&#8217;taki atmosfer her vakit bizim i\u00e7in b\u00fcy\u00fck bir g\u00fc\u00e7. Avrupa Ligi&#8217;nde finale \u00e7\u0131kt\u0131\u011f\u0131m\u0131z d\u00f6nem, Leipzig ve Dortmund \u00fczere g\u00fc\u00e7l\u00fc rakiplere kar\u015f\u0131 ald\u0131\u011f\u0131m\u0131z galibiyetlerde taraftarlar\u0131n hissesi b\u00fcy\u00fckt\u00fc. Fenerbah\u00e7e&#8217;ye kar\u015f\u0131 da bu avantaj\u0131 en uygun halde kullanmal\u0131y\u0131z.&#8221;<\/p>\n<\/div>\n<p><\/p>\n","protected":false},"excerpt":{"rendered":"<p>Rangers futbolcusu Leon Balogun, Fenerbah\u00e7e ile oynayacaklar UEFA Avrupa Ligi Son 16 \u00c7e\u015fidi r\u00f6van\u015f m\u00fcsabakas\u0131 \u00f6ncesi Mourinho ve e\u015fle\u015fme hakk\u0131nda a\u00e7\u0131klamalar yapt\u0131.<\/p>\n","protected":false},"author":1,"featured_media":27949,"comment_status":"open","ping_status":"open","sticky":false,"template":"","format":"standard","meta":{"footnotes":""},"categories":[25],"tags":[205,2408,115,704],"class_list":["post-27948","post","type-post","status-publish","format-standard","has-post-thumbnail","hentry","category-futbol","tag-avrupa","tag-balogun","tag-fenerbahce","tag-mourinho"],"_links":{"self":[{"href":"https:\/\/haberbesiktas.tr\/index.php?rest_route=\/wp\/v2\/posts\/27948","targetHints":{"allow":["GET"]}}],"collection":[{"href":"https:\/\/haberbesiktas.tr\/index.php?rest_route=\/wp\/v2\/posts"}],"about":[{"href":"https:\/\/haberbesiktas.tr\/index.php?rest_route=\/wp\/v2\/types\/post"}],"author":[{"embeddable":true,"href":"https:\/\/haberbesiktas.tr\/index.php?rest_route=\/wp\/v2\/users\/1"}],"replies":[{"embeddable":true,"href":"https:\/\/haberbesiktas.tr\/index.php?rest_route=%2Fwp%2Fv2%2Fcomments&post=27948"}],"version-history":[{"count":1,"href":"https:\/\/haberbesiktas.tr\/index.php?rest_route=\/wp\/v2\/posts\/27948\/revisions"}],"predecessor-version":[{"id":27950,"href":"https:\/\/haberbesiktas.tr\/index.php?rest_route=\/wp\/v2\/posts\/27948\/revisions\/27950"}],"wp:featuredmedia":[{"embeddable":true,"href":"https:\/\/haberbesiktas.tr\/index.php?rest_route=\/wp\/v2\/media\/27949"}],"wp:attachment":[{"href":"https:\/\/haberbesiktas.tr\/index.php?rest_route=%2Fwp%2Fv2%2Fmedia&parent=27948"}],"wp:term":[{"taxonomy":"category","embeddable":true,"href":"https:\/\/haberbesiktas.tr\/index.php?rest_route=%2Fwp%2Fv2%2Fcategories&post=27948"},{"taxonomy":"post_tag","embeddable":true,"href":"https:\/\/haberbesiktas.tr\/index.php?rest_route=%2Fwp%2Fv2%2Ftags&post=27948"}],"curies":[{"name":"wp","href":"https:\/\/api.w.org\/{rel}","templated":true}]}}