{"id":27951,"date":"2025-05-08T11:00:15","date_gmt":"2025-05-08T11:00:15","guid":{"rendered":"https:\/\/haberbesiktas.tr\/?p=27951"},"modified":"2025-05-08T11:00:15","modified_gmt":"2025-05-08T11:00:15","slug":"gabriel-paulista-bir-dakika-bile-yeter","status":"publish","type":"post","link":"https:\/\/haberbesiktas.tr\/?p=27951","title":{"rendered":"Gabriel Paulista: &#8220;Bir dakika bile yeter&#8221;"},"content":{"rendered":"<div>Be\u015fikta\u015f formas\u0131 giyen Gabriel Paulista, Gaziantep FK ma\u00e7\u0131 \u00f6ncesi konu\u015ftu.\u00a0<\/p>\n<p> Paulista, sakatl\u0131k s\u00fcreciyle ilgili, &#8220;\u00d6zel bir g\u00fcn benim i\u00e7in. D\u00f6nd\u00fcm. S\u0131k\u0131nt\u0131 bir devirden ge\u00e7tim 3 ayl\u0131k. Mental olarak yeterli hissediyorum. Kadroya yard\u0131mc\u0131 olmak i\u00e7in alanlara d\u00f6nmek istiyordum. Bug\u00fcn haz\u0131r\u0131m, bir dakika bile olsa alanda olmak k\u00e2fi olur benim i\u00e7in.&#8221; dedi.<\/p>\n<p> Gabriel Paulista, &#8220;\u00c7ok \u00f6zledim taraftar\u0131n dayana\u011f\u0131n\u0131, tezah\u00fcratlar\u0131n\u0131 duymay\u0131. Benim i\u00e7in \u00f6zel bir g\u00fcn. Umar\u0131m d\u00f6nem ba\u015f\u0131ndaki d\u00fczeyime \u00e7ok \u00e7abuk d\u00f6nerim. Memnunum d\u00f6nd\u00fc\u011f\u00fcm i\u00e7in, alana \u00e7\u0131kmak ve gruba yard\u0131mc\u0131 olmak benim i\u00e7in en \u00f6zel \u015feylerden biri.&#8221;<\/p>\n<p> Tecr\u00fcbeli savunma oyuncusu son olarak, &#8220;Lige \u00e7ok g\u00fczel ba\u015flam\u0131\u015ft\u0131k lakin sonra d\u00fc\u015f\u00fc\u015fe ge\u00e7tik. Futbolda bunlar ola\u011fan, bunlar olabiliyor. Be\u015fikta\u015f i\u00e7in her vakit kazanmak de\u011ferlidir. Uygun haz\u0131rland\u0131k hafta boyunca. Bu haz\u0131rl\u0131klar\u0131m\u0131z sonucunda, kendi alan\u0131m\u0131zda kazanmak zorunday\u0131z. Tek maksad\u0131m\u0131z bug\u00fcn 3 puan\u0131 almak.&#8221;<\/p>\n<\/div>\n<p><\/p>\n","protected":false},"excerpt":{"rendered":"<p>Be\u015fikta\u015f formas\u0131 giyen Gabriel Paulista, Gaziantep FK ma\u00e7\u0131 \u00f6ncesi konu\u015ftu.<\/p>\n","protected":false},"author":1,"featured_media":27952,"comment_status":"open","ping_status":"open","sticky":false,"template":"","format":"standard","meta":{"footnotes":""},"categories":[25],"tags":[],"class_list":["post-27951","post","type-post","status-publish","format-standard","has-post-thumbnail","hentry","category-futbol"],"_links":{"self":[{"href":"https:\/\/haberbesiktas.tr\/index.php?rest_route=\/wp\/v2\/posts\/27951","targetHints":{"allow":["GET"]}}],"collection":[{"href":"https:\/\/haberbesiktas.tr\/index.php?rest_route=\/wp\/v2\/posts"}],"about":[{"href":"https:\/\/haberbesiktas.tr\/index.php?rest_route=\/wp\/v2\/types\/post"}],"author":[{"embeddable":true,"href":"https:\/\/haberbesiktas.tr\/index.php?rest_route=\/wp\/v2\/users\/1"}],"replies":[{"embeddable":true,"href":"https:\/\/haberbesiktas.tr\/index.php?rest_route=%2Fwp%2Fv2%2Fcomments&post=27951"}],"version-history":[{"count":1,"href":"https:\/\/haberbesiktas.tr\/index.php?rest_route=\/wp\/v2\/posts\/27951\/revisions"}],"predecessor-version":[{"id":27953,"href":"https:\/\/haberbesiktas.tr\/index.php?rest_route=\/wp\/v2\/posts\/27951\/revisions\/27953"}],"wp:featuredmedia":[{"embeddable":true,"href":"https:\/\/haberbesiktas.tr\/index.php?rest_route=\/wp\/v2\/media\/27952"}],"wp:attachment":[{"href":"https:\/\/haberbesiktas.tr\/index.php?rest_route=%2Fwp%2Fv2%2Fmedia&parent=27951"}],"wp:term":[{"taxonomy":"category","embeddable":true,"href":"https:\/\/haberbesiktas.tr\/index.php?rest_route=%2Fwp%2Fv2%2Fcategories&post=27951"},{"taxonomy":"post_tag","embeddable":true,"href":"https:\/\/haberbesiktas.tr\/index.php?rest_route=%2Fwp%2Fv2%2Ftags&post=27951"}],"curies":[{"name":"wp","href":"https:\/\/api.w.org\/{rel}","templated":true}]}}