{"id":27957,"date":"2025-05-08T11:24:18","date_gmt":"2025-05-08T11:24:18","guid":{"rendered":"https:\/\/haberbesiktas.tr\/?p=27957"},"modified":"2025-05-08T11:24:18","modified_gmt":"2025-05-08T11:24:18","slug":"iste-macaristanin-turkiye-kadrosu","status":"publish","type":"post","link":"https:\/\/haberbesiktas.tr\/?p=27957","title":{"rendered":"\u0130\u015fte Macaristan&#8217;\u0131n T\u00fcrkiye kadrosu!"},"content":{"rendered":"<div>UEFA Uluslar Ligi play-off \u00e7e\u015fidinde T\u00fcrkiye ile kar\u015f\u0131la\u015facak Macaristan Ulusal Futbol Grubu&#8217;nun aday tak\u0131m\u0131 a\u00e7\u0131kland\u0131.<\/p>\n<p> T\u00fcrkiye Futbol Federasyonundan yap\u0131lan a\u00e7\u0131klamaya nazaran 20 Mart Per\u015fembe g\u00fcn\u00fc \u0130stanbul&#8217;da, 23 Mart Pazar g\u00fcn\u00fc ise Budape\u015fte&#8217;de yap\u0131lacak T\u00fcrkiye ma\u00e7lar\u0131 \u00f6ncesinde teknik y\u00f6netici Marco Rossi&#8217;nin aday tak\u0131m\u0131 belirli oldu.<\/p>\n<p> Aday tak\u0131mda Galatasaray&#8217;da forma giyen Roland Sallai de yer ald\u0131.<\/p>\n<p> <strong>Macaristan Ulusal Kadrosu&#8217;nun 26 ki\u015filik aday tak\u0131m\u0131 \u015f\u00f6yle:<\/strong><\/p>\n<p> <strong>Kaleci:<\/strong> Denes Dibusz (Ferencvaros), Peter Gulacsi (Leipzig), Krisztian Hegyi (Debreceni), Peter Szappanos (Paksi)<\/p>\n<p> <strong>Defans:<\/strong> Botond Balogh (Parma), Endre Botka (Kecskemeti), Marton Dardai (Hertha Berlin), Attila Fiola (Ujpest), Willi Orban (Leipzig), Attila Szalai (Standard Liege)<\/p>\n<p> <strong>Orta saha:<\/strong> Bendeguz Bolla (Rapid Wien), Bence Dardai (Wolfsburg), Mihaly Kata (MTK), Milos Kerkez (Bournemouth), Zsolt Nagy (Puskas Akademia), Loic Nego (Le Havre), Tamas Nikitscher (Valladolid), Andras Schafer (Union Berlin), Callum Styles (West Bromwich Albion), Alex Toth (Ferencvaros)<\/p>\n<p> <strong>Forvet:<\/strong> Kevin Csoboth (St. Gallen), Daniel Gazdag (Philadelphia Union), Roland Sallai (Galatasaray), Levente Szabo (Braunschweig), Dominik Szoboszlai (Liverpool), Barnabas Varga (Ferencvaros)<\/p>\n<\/div>\n<p><\/p>\n","protected":false},"excerpt":{"rendered":"<p>Macaristan Ulusal Kadrosu&#8217;nun T\u00fcrkiye ma\u00e7lar\u0131 aday tak\u0131m\u0131 a\u00e7\u0131kland\u0131. Tak\u0131mda Galatasaray&#8217;dan Roland Sallai de yer ald\u0131.<\/p>\n","protected":false},"author":1,"featured_media":27958,"comment_status":"open","ping_status":"open","sticky":false,"template":"","format":"standard","meta":{"footnotes":""},"categories":[25],"tags":[],"class_list":["post-27957","post","type-post","status-publish","format-standard","has-post-thumbnail","hentry","category-futbol"],"_links":{"self":[{"href":"https:\/\/haberbesiktas.tr\/index.php?rest_route=\/wp\/v2\/posts\/27957","targetHints":{"allow":["GET"]}}],"collection":[{"href":"https:\/\/haberbesiktas.tr\/index.php?rest_route=\/wp\/v2\/posts"}],"about":[{"href":"https:\/\/haberbesiktas.tr\/index.php?rest_route=\/wp\/v2\/types\/post"}],"author":[{"embeddable":true,"href":"https:\/\/haberbesiktas.tr\/index.php?rest_route=\/wp\/v2\/users\/1"}],"replies":[{"embeddable":true,"href":"https:\/\/haberbesiktas.tr\/index.php?rest_route=%2Fwp%2Fv2%2Fcomments&post=27957"}],"version-history":[{"count":1,"href":"https:\/\/haberbesiktas.tr\/index.php?rest_route=\/wp\/v2\/posts\/27957\/revisions"}],"predecessor-version":[{"id":27959,"href":"https:\/\/haberbesiktas.tr\/index.php?rest_route=\/wp\/v2\/posts\/27957\/revisions\/27959"}],"wp:featuredmedia":[{"embeddable":true,"href":"https:\/\/haberbesiktas.tr\/index.php?rest_route=\/wp\/v2\/media\/27958"}],"wp:attachment":[{"href":"https:\/\/haberbesiktas.tr\/index.php?rest_route=%2Fwp%2Fv2%2Fmedia&parent=27957"}],"wp:term":[{"taxonomy":"category","embeddable":true,"href":"https:\/\/haberbesiktas.tr\/index.php?rest_route=%2Fwp%2Fv2%2Fcategories&post=27957"},{"taxonomy":"post_tag","embeddable":true,"href":"https:\/\/haberbesiktas.tr\/index.php?rest_route=%2Fwp%2Fv2%2Ftags&post=27957"}],"curies":[{"name":"wp","href":"https:\/\/api.w.org\/{rel}","templated":true}]}}