{"id":27960,"date":"2025-05-08T11:36:18","date_gmt":"2025-05-08T11:36:18","guid":{"rendered":"https:\/\/haberbesiktas.tr\/?p=27960"},"modified":"2025-05-08T11:36:18","modified_gmt":"2025-05-08T11:36:18","slug":"trabzonsporda-gorev-huseyin-cimsir-ve-seref-cicekte","status":"publish","type":"post","link":"https:\/\/haberbesiktas.tr\/?p=27960","title":{"rendered":"Trabzonspor&#8217;da g\u00f6rev H\u00fcseyin \u00c7im\u015fir ve \u015eeref \u00c7i\u00e7ek&#8217;te"},"content":{"rendered":"<div>Trabzonspor, Trendyol Muhte\u015fem Lig&#8217;in 28. haftas\u0131nda 15 Mart Cumartesi g\u00fcn\u00fc deplasmanda RAMS Ba\u015fak\u015fehir ile yapaca\u011f\u0131 ma\u00e7\u0131n haz\u0131rl\u0131klar\u0131na ba\u015flad\u0131.<\/p>\n<p> Mehmet Ali Y\u0131lmaz Tesisleri&#8217;ndeki idmanda bordo-mavili futbolcular, yard\u0131mc\u0131 antren\u00f6rler H\u00fcseyin \u00c7im\u015fir ve Gurur \u00c7i\u00e7ek idaresinde \u00e7al\u0131\u015ft\u0131.<\/p>\n<p> Ataka\u015f Hatayspor ma\u00e7\u0131nda forma giyen oyuncular, yenilenme \u00e7al\u0131\u015fmas\u0131 ger\u00e7ekle\u015ftirdi.<\/p>\n<p> Ba\u015fka futbolcular ise antrenmanda pas ve dar alanda oyunun akabinde \u00e7ift kale ma\u00e7 yapt\u0131.<\/p>\n<p> Trabzonspor, sal\u0131 yapaca\u011f\u0131 idmanla ma\u00e7\u0131n haz\u0131rl\u0131klar\u0131n\u0131 s\u00fcrd\u00fcrecek.<\/p>\n<\/div>\n<p><\/p>\n","protected":false},"excerpt":{"rendered":"<p>Trabzonspor, \u015eenol G\u00fcne\u015f&#8217;in ayr\u0131l\u0131\u011f\u0131 sonras\u0131 Ba\u015fak\u015fehir ma\u00e7\u0131 haz\u0131rl\u0131klar\u0131na yard\u0131mc\u0131 antren\u00f6rler H\u00fcseyin \u00c7im\u015fir ve Onur \u00c7i\u00e7ek idaresinde ba\u015flad\u0131.<\/p>\n","protected":false},"author":1,"featured_media":27961,"comment_status":"open","ping_status":"open","sticky":false,"template":"","format":"standard","meta":{"footnotes":""},"categories":[25],"tags":[],"class_list":["post-27960","post","type-post","status-publish","format-standard","has-post-thumbnail","hentry","category-futbol"],"_links":{"self":[{"href":"https:\/\/haberbesiktas.tr\/index.php?rest_route=\/wp\/v2\/posts\/27960","targetHints":{"allow":["GET"]}}],"collection":[{"href":"https:\/\/haberbesiktas.tr\/index.php?rest_route=\/wp\/v2\/posts"}],"about":[{"href":"https:\/\/haberbesiktas.tr\/index.php?rest_route=\/wp\/v2\/types\/post"}],"author":[{"embeddable":true,"href":"https:\/\/haberbesiktas.tr\/index.php?rest_route=\/wp\/v2\/users\/1"}],"replies":[{"embeddable":true,"href":"https:\/\/haberbesiktas.tr\/index.php?rest_route=%2Fwp%2Fv2%2Fcomments&post=27960"}],"version-history":[{"count":1,"href":"https:\/\/haberbesiktas.tr\/index.php?rest_route=\/wp\/v2\/posts\/27960\/revisions"}],"predecessor-version":[{"id":27962,"href":"https:\/\/haberbesiktas.tr\/index.php?rest_route=\/wp\/v2\/posts\/27960\/revisions\/27962"}],"wp:featuredmedia":[{"embeddable":true,"href":"https:\/\/haberbesiktas.tr\/index.php?rest_route=\/wp\/v2\/media\/27961"}],"wp:attachment":[{"href":"https:\/\/haberbesiktas.tr\/index.php?rest_route=%2Fwp%2Fv2%2Fmedia&parent=27960"}],"wp:term":[{"taxonomy":"category","embeddable":true,"href":"https:\/\/haberbesiktas.tr\/index.php?rest_route=%2Fwp%2Fv2%2Fcategories&post=27960"},{"taxonomy":"post_tag","embeddable":true,"href":"https:\/\/haberbesiktas.tr\/index.php?rest_route=%2Fwp%2Fv2%2Ftags&post=27960"}],"curies":[{"name":"wp","href":"https:\/\/api.w.org\/{rel}","templated":true}]}}