{"id":27963,"date":"2025-05-08T11:48:21","date_gmt":"2025-05-08T11:48:21","guid":{"rendered":"https:\/\/haberbesiktas.tr\/?p=27963"},"modified":"2025-05-08T11:48:21","modified_gmt":"2025-05-08T11:48:21","slug":"trabzonsporda-senol-gunes-donemi-bitti","status":"publish","type":"post","link":"https:\/\/haberbesiktas.tr\/?p=27963","title":{"rendered":"Trabzonspor&#8217;da \u015eenol G\u00fcne\u015f d\u00f6nemi bitti"},"content":{"rendered":"<div>Trabzonspor, teknik y\u00f6netici \u015eenol G\u00fcne\u015f ile yollar\u0131n\u0131 ay\u0131rd\u0131.<\/p>\n<p> <strong>Trabzonspor&#8217;un a\u00e7\u0131klamas\u0131 \u015fu halde:<\/strong><\/p>\n<p> &#8220;Sezon ba\u015f\u0131nda Say\u0131n \u015eenol G\u00fcne\u015f ile s\u0131rf teknik y\u00f6netici olarak de\u011fil; birebir vakitte kendisinin deneyimlerinden istifade ederek gelece\u011fin Trabzonspor&#8217;unu in\u015fa etmek ismine planlama yapt\u0131k.<\/p>\n<p> Program kapsam\u0131nda Sn. G\u00fcne\u015f&#8217;in tesisler ve yat\u0131r\u0131mlardan da sorumlu olaca\u011f\u0131, yeterli bir kurumsal yap\u0131y\u0131 kurabilme gayesiyle misyona ba\u015flad\u0131k.<\/p>\n<p> <strong>Maalesef ligde dilek etmedi\u011fimiz sonu\u00e7lar ald\u0131k. Ve geldi\u011fimiz nokta itibariyle teknik y\u00f6neticilik makam\u0131nda bir kan de\u011fi\u015fikli\u011fine gitme muhta\u00e7l\u0131\u011f\u0131 ortaya \u00e7\u0131kt\u0131.<\/strong><\/p>\n<p> <strong>Yeni teknik y\u00f6neticinin belirlenmesi i\u00e7in aray\u0131\u015flara vakit kaybetmeden ba\u015flad\u0131k. T\u00fcm s\u00fcreci \u015feffaf halde kamuoyuyla payla\u015faca\u011f\u0131z.<\/strong><\/p>\n<p> Trabzonspor toplulu\u011funa ve b\u00fcy\u00fck taraftar\u0131m\u0131za h\u00fcrmetle duyurulur.&#8221;<\/p>\n<p><strong>TEKN\u0130K Y\u00d6NET\u0130C\u0130 ADAYLARI<\/strong><\/p>\n<p> Trabzonspor&#8217;da <strong>Fatih Tekke, Arda Turan, Igor Tudor, \u015eota Arveladze ve Nuri \u015eahin<\/strong> teknik y\u00f6netici i\u00e7in adaylar olarak belirlendi.<\/p>\n<p> <strong>5. DEV\u0130R UZUN S\u00dcRMED\u0130<\/strong><\/p>\n<p> Trabzonspor&#8217;da \u015eenol G\u00fcne\u015f&#8217;in 5. teknik y\u00f6neticilik devri uzun s\u00fcrmedi.<\/p>\n<p> Bordo-mavili kul\u00fcp, teknik y\u00f6netici Abdullah Avc\u0131 ile yollar\u0131n\u0131 ay\u0131rmas\u0131n\u0131n akabinde 3 Eyl\u00fcl&#8217;de 1 y\u0131l\u0131 opsiyonlu olmak \u00fczere 3 y\u0131ll\u0131k kontrat imzalad\u0131\u011f\u0131 teknik y\u00f6netici \u015eenol G\u00fcne\u015f ile 188 g\u00fcn \u00e7al\u0131\u015ft\u0131.<\/p>\n<p> Teknik y\u00f6netici aray\u0131\u015f\u0131na giren Karadeniz grubu, G\u00fcne\u015f y\u00f6netiminde S\u00fcper Lig ve Ziraat T\u00fcrkiye Kupas\u0131&#8217;nda oynad\u0131\u011f\u0131 26 ma\u00e7ta 10 galibiyet, 7 beraberlik, 9 ma\u011flubiyet ya\u015fad\u0131.<\/p>\n<p> Ligde 27. hafta sonunda oynad\u0131\u011f\u0131 25 ma\u00e7ta 8 galibiyet, 8 beraberlik, 9 yenilgi alarak 32 puan toplayan bordo-mavililer, \u00f6nder Galatasaray&#8217;\u0131n 36 puan gerisinde yer al\u0131rken \u00fcst s\u0131ralara hi\u00e7 t\u0131rmanamad\u0131.<\/p>\n<p> Karadeniz tak\u0131m\u0131, ligin birinci 2 haftas\u0131nda al\u0131nan beraberliklerin akabinde vazifeye getirilen teknik y\u00f6netici \u015eenol G\u00fcne\u015f y\u00f6netiminde ligde oynad\u0131\u011f\u0131 23 ma\u00e7ta 8 galibiyet, 6 beraberlik, 9 yenilgi sonucunda 30 puan toplayarak 1,30 puan ortalamas\u0131nda kald\u0131.<\/p>\n<p> <strong>DI\u015e ALANDA GAL\u0130B\u0130YET ALAMADI<\/strong><\/p>\n<p> Trabzonspor, bu d\u00f6nem teknik y\u00f6netici \u015eenol G\u00fcne\u015f idaresinde d\u0131\u015f alanda galip gelemedi.<\/p>\n<p> Karadeniz grubu, Ataka\u015f Hatayspor&#8217;un alan\u0131nda kendisini yenmesiyle ligde d\u0131\u015f saha galibiyeti bulunmayan tek ekip pozisyonuna d\u00fc\u015ft\u00fc.<\/p>\n<p> Bordo-mavililer, d\u0131\u015f alanda oynad\u0131\u011f\u0131 12 m\u00fcsabakada 5 beraberlik, 7 yenilgiyle toplam 5 puan elde edebildi.<\/p>\n<p> \u015eenol G\u00fcne\u015f idaresinde Karadeniz tak\u0131m\u0131, deplasmanda 10 ma\u00e7ta 3 beraberlik, 7 yenilgi sonucunda 0,3 puan ortalamas\u0131nda kald\u0131.<\/p>\n<p> Trabzonspor, G\u00fcne\u015f idaresinde i\u00e7 alanda ise 13 ma\u00e7ta 8 galibiyet, 3 beraberlik, 2 yenilgi ile 27 puan elde ederek 2,07 puan ortalamas\u0131 yakalad\u0131.<\/p>\n<p> <strong>B\u00dcY\u00dcK MA\u00c7LARDA KAZANAMADI<\/strong><\/p>\n<p> Trabzonspor, teknik y\u00f6netici \u015eenol G\u00fcne\u015f idaresinde bu d\u00f6nem b\u00fcy\u00fck ekiplere kar\u015f\u0131 4 m\u00fcsabaka oynarken bu kar\u015f\u0131la\u015fmalarda 1 beraberlik, 3 yenilgi ald\u0131.<\/p>\n<p> Bordo-mavililer, G\u00fcne\u015f idaresinde Be\u015fikta\u015f ile alan\u0131nda 1-1 berabere kal\u0131p, rakibine deplasmanda 2-1 yenildi. Karadeniz tak\u0131m\u0131, konutunda Fenerbah\u00e7e&#8217;ye 3-2, \u0130stanbul&#8217;da Galatasaray&#8217;a 4-3 ma\u011flup olarak G\u00fcne\u015f ile kelam konusu m\u00fcsabakalarda hi\u00e7 kazanamad\u0131.<\/p>\n<p> <strong>SON 9 D\u00d6NEM\u0130N EN MAK\u00dbS D\u00d6NEM\u0130<\/strong><\/p>\n<p> Trabzonspor, bu sezon ligde toplad\u0131\u011f\u0131 32 puanla son 9 d\u00f6nem i\u00e7indeki en berbat 25 ma\u00e7l\u0131k performans\u0131 geride b\u0131rakt\u0131.<\/p>\n<p> En son 2015-2016 d\u00f6neminde 25 ma\u00e7ta 9 galibiyet, 3 beraberlik, 13 yenilgiyle 30 puan toplayan Karadeniz grubu, 32 puanla daha sonraki 9 d\u00f6nemde en az puan\u0131 bu d\u00f6nem hanesine yazd\u0131rd\u0131.<\/p>\n<div>\u00a0<\/div>\n<\/div>\n<p><\/p>\n","protected":false},"excerpt":{"rendered":"<p>Trabzonspor, teknik y\u00f6netici \u015eenol G\u00fcne\u015f ile yollar\u0131n\u0131 ay\u0131rd\u0131. \u0130\u015fte yap\u0131lan a\u00e7\u0131klama&#8230;<\/p>\n","protected":false},"author":1,"featured_media":27964,"comment_status":"open","ping_status":"open","sticky":false,"template":"","format":"standard","meta":{"footnotes":""},"categories":[25],"tags":[1300,480,1386,57,478],"class_list":["post-27963","post","type-post","status-publish","format-standard","has-post-thumbnail","hentry","category-futbol","tag-beraberlik","tag-gunes","tag-maglubiyet","tag-sezon","tag-teknik-direktor"],"_links":{"self":[{"href":"https:\/\/haberbesiktas.tr\/index.php?rest_route=\/wp\/v2\/posts\/27963","targetHints":{"allow":["GET"]}}],"collection":[{"href":"https:\/\/haberbesiktas.tr\/index.php?rest_route=\/wp\/v2\/posts"}],"about":[{"href":"https:\/\/haberbesiktas.tr\/index.php?rest_route=\/wp\/v2\/types\/post"}],"author":[{"embeddable":true,"href":"https:\/\/haberbesiktas.tr\/index.php?rest_route=\/wp\/v2\/users\/1"}],"replies":[{"embeddable":true,"href":"https:\/\/haberbesiktas.tr\/index.php?rest_route=%2Fwp%2Fv2%2Fcomments&post=27963"}],"version-history":[{"count":1,"href":"https:\/\/haberbesiktas.tr\/index.php?rest_route=\/wp\/v2\/posts\/27963\/revisions"}],"predecessor-version":[{"id":27965,"href":"https:\/\/haberbesiktas.tr\/index.php?rest_route=\/wp\/v2\/posts\/27963\/revisions\/27965"}],"wp:featuredmedia":[{"embeddable":true,"href":"https:\/\/haberbesiktas.tr\/index.php?rest_route=\/wp\/v2\/media\/27964"}],"wp:attachment":[{"href":"https:\/\/haberbesiktas.tr\/index.php?rest_route=%2Fwp%2Fv2%2Fmedia&parent=27963"}],"wp:term":[{"taxonomy":"category","embeddable":true,"href":"https:\/\/haberbesiktas.tr\/index.php?rest_route=%2Fwp%2Fv2%2Fcategories&post=27963"},{"taxonomy":"post_tag","embeddable":true,"href":"https:\/\/haberbesiktas.tr\/index.php?rest_route=%2Fwp%2Fv2%2Ftags&post=27963"}],"curies":[{"name":"wp","href":"https:\/\/api.w.org\/{rel}","templated":true}]}}