{"id":2798,"date":"2025-01-11T15:42:45","date_gmt":"2025-01-11T15:42:45","guid":{"rendered":"https:\/\/haberbesiktas.tr\/?p=2798"},"modified":"2025-01-11T15:42:45","modified_gmt":"2025-01-11T15:42:45","slug":"nazillisporda-muzaffer-taskina-ganali-yardimci-geldi","status":"publish","type":"post","link":"https:\/\/haberbesiktas.tr\/?p=2798","title":{"rendered":"Nazillispor&#8217;da Muzaffer Ta\u015fk\u0131n&#8217;a Ganal\u0131 yard\u0131mc\u0131 geldi"},"content":{"rendered":"<div><span>TFF 2&#8217;nci Lig K\u0131rm\u0131z\u0131 K\u00fcme&#8217;de k\u00fcmede kalma \u00e7abas\u0131 veren Nazillispor&#8217;da devre ortas\u0131nda ekibin ba\u015f\u0131na ge\u00e7en teknik y\u00f6netici Muzaffer Ta\u015fk\u0131n&#8217;\u0131n tak\u0131m\u0131na Ganal\u0131 eksi futbolcu Mohammed Sumaila kat\u0131ld\u0131. <\/p>\n<p>Antalya kamp\u0131na gelen 33 ya\u015f\u0131ndaki Sumaila k\u0131sa m\u00fcddette grubun en sevilen isimlerinden biri oldu. <\/p>\n<p>Sumaila, \u00fclkemizde daha evvel Didim Belediyespor, Tire 1922 Spor, Torbal\u0131spor, Ortaca Belediyespor, Gaziemir Gen\u00e7likspor, Tav\u015fanl\u0131, G\u00fcll\u00fcbah\u00e7e ve K\u00fc\u00e7\u00fckpazar \u00fczere amat\u00f6r gruplarda forma giydi.<\/span><\/div>\n","protected":false},"excerpt":{"rendered":"<p>Nazillispor&#8217;da devre ortas\u0131nda ekibin ba\u015f\u0131na ge\u00e7en teknik y\u00f6netici Muzaffer Ta\u015fk\u0131n&#8217;\u0131n grubuna Ganal\u0131 eksi futbolcu Mohammed Sumaila kat\u0131ld\u0131.<\/p>\n","protected":false},"author":1,"featured_media":2799,"comment_status":"open","ping_status":"open","sticky":false,"template":"","format":"standard","meta":{"footnotes":""},"categories":[25],"tags":[],"class_list":["post-2798","post","type-post","status-publish","format-standard","has-post-thumbnail","hentry","category-futbol"],"_links":{"self":[{"href":"https:\/\/haberbesiktas.tr\/index.php?rest_route=\/wp\/v2\/posts\/2798","targetHints":{"allow":["GET"]}}],"collection":[{"href":"https:\/\/haberbesiktas.tr\/index.php?rest_route=\/wp\/v2\/posts"}],"about":[{"href":"https:\/\/haberbesiktas.tr\/index.php?rest_route=\/wp\/v2\/types\/post"}],"author":[{"embeddable":true,"href":"https:\/\/haberbesiktas.tr\/index.php?rest_route=\/wp\/v2\/users\/1"}],"replies":[{"embeddable":true,"href":"https:\/\/haberbesiktas.tr\/index.php?rest_route=%2Fwp%2Fv2%2Fcomments&post=2798"}],"version-history":[{"count":1,"href":"https:\/\/haberbesiktas.tr\/index.php?rest_route=\/wp\/v2\/posts\/2798\/revisions"}],"predecessor-version":[{"id":2800,"href":"https:\/\/haberbesiktas.tr\/index.php?rest_route=\/wp\/v2\/posts\/2798\/revisions\/2800"}],"wp:featuredmedia":[{"embeddable":true,"href":"https:\/\/haberbesiktas.tr\/index.php?rest_route=\/wp\/v2\/media\/2799"}],"wp:attachment":[{"href":"https:\/\/haberbesiktas.tr\/index.php?rest_route=%2Fwp%2Fv2%2Fmedia&parent=2798"}],"wp:term":[{"taxonomy":"category","embeddable":true,"href":"https:\/\/haberbesiktas.tr\/index.php?rest_route=%2Fwp%2Fv2%2Fcategories&post=2798"},{"taxonomy":"post_tag","embeddable":true,"href":"https:\/\/haberbesiktas.tr\/index.php?rest_route=%2Fwp%2Fv2%2Ftags&post=2798"}],"curies":[{"name":"wp","href":"https:\/\/api.w.org\/{rel}","templated":true}]}}