{"id":27991,"date":"2025-05-08T13:24:17","date_gmt":"2025-05-08T13:24:17","guid":{"rendered":"https:\/\/haberbesiktas.tr\/?p=27991"},"modified":"2025-05-08T13:24:17","modified_gmt":"2025-05-08T13:24:17","slug":"besiktasta-solskjaere-destek","status":"publish","type":"post","link":"https:\/\/haberbesiktas.tr\/?p=27991","title":{"rendered":"Be\u015fikta\u015f&#8217;ta Solskjaer&#8217;e destek!"},"content":{"rendered":"<div>S\u00fcper Lig&#8217;in 27. haftas\u0131nda Be\u015fikta\u015f, alan\u0131nda a\u011f\u0131rlad\u0131\u011f\u0131 Gaziantep FK&#8217;ye 2-1&#8217;lik skorla ma\u011flup oldu.<\/p>\n<p> Be\u015fikta\u015f, bu sonu\u00e7la teknik y\u00f6netici Ole Gunnar idaresinde ligdeki birinci ma\u011flubiyetini ald\u0131 ve siyah-beyazl\u0131lar\u0131n alt\u0131 ma\u00e7l\u0131k galibiyet serisi sona erdi.<\/p>\n<p> Be\u015fikta\u015f trib\u00fcnleri, hezimete kar\u015f\u0131n ma\u00e7\u0131n akabinde teknik y\u00f6netici Ole Gunnar Solskjaer&#8217;e takviye verdi. Siyah-beyazl\u0131 taraftarlar, ma\u00e7\u0131n biti\u015f d\u00fcd\u00fc\u011f\u00fc sonras\u0131 Norve\u00e7li teknik adama alk\u0131\u015flarla takviyede bulundu.<\/p>\n<\/div>\n<p><\/p>\n","protected":false},"excerpt":{"rendered":"<p>Be\u015fikta\u015f trib\u00fcnleri, 2-1&#8217;lik Gaziantep FK yenilgisi sonras\u0131 teknik y\u00f6netici Ole Gunnar Solskjaer&#8217;e dayanak verdi.<\/p>\n","protected":false},"author":1,"featured_media":27992,"comment_status":"open","ping_status":"open","sticky":false,"template":"","format":"standard","meta":{"footnotes":""},"categories":[25],"tags":[],"class_list":["post-27991","post","type-post","status-publish","format-standard","has-post-thumbnail","hentry","category-futbol"],"_links":{"self":[{"href":"https:\/\/haberbesiktas.tr\/index.php?rest_route=\/wp\/v2\/posts\/27991","targetHints":{"allow":["GET"]}}],"collection":[{"href":"https:\/\/haberbesiktas.tr\/index.php?rest_route=\/wp\/v2\/posts"}],"about":[{"href":"https:\/\/haberbesiktas.tr\/index.php?rest_route=\/wp\/v2\/types\/post"}],"author":[{"embeddable":true,"href":"https:\/\/haberbesiktas.tr\/index.php?rest_route=\/wp\/v2\/users\/1"}],"replies":[{"embeddable":true,"href":"https:\/\/haberbesiktas.tr\/index.php?rest_route=%2Fwp%2Fv2%2Fcomments&post=27991"}],"version-history":[{"count":1,"href":"https:\/\/haberbesiktas.tr\/index.php?rest_route=\/wp\/v2\/posts\/27991\/revisions"}],"predecessor-version":[{"id":27993,"href":"https:\/\/haberbesiktas.tr\/index.php?rest_route=\/wp\/v2\/posts\/27991\/revisions\/27993"}],"wp:featuredmedia":[{"embeddable":true,"href":"https:\/\/haberbesiktas.tr\/index.php?rest_route=\/wp\/v2\/media\/27992"}],"wp:attachment":[{"href":"https:\/\/haberbesiktas.tr\/index.php?rest_route=%2Fwp%2Fv2%2Fmedia&parent=27991"}],"wp:term":[{"taxonomy":"category","embeddable":true,"href":"https:\/\/haberbesiktas.tr\/index.php?rest_route=%2Fwp%2Fv2%2Fcategories&post=27991"},{"taxonomy":"post_tag","embeddable":true,"href":"https:\/\/haberbesiktas.tr\/index.php?rest_route=%2Fwp%2Fv2%2Ftags&post=27991"}],"curies":[{"name":"wp","href":"https:\/\/api.w.org\/{rel}","templated":true}]}}