{"id":28052,"date":"2025-05-08T17:36:19","date_gmt":"2025-05-08T17:36:19","guid":{"rendered":"https:\/\/haberbesiktas.tr\/?p=28052"},"modified":"2025-05-08T17:36:19","modified_gmt":"2025-05-08T17:36:19","slug":"besiktas-kafa-gollerine-engel-olamiyor","status":"publish","type":"post","link":"https:\/\/haberbesiktas.tr\/?p=28052","title":{"rendered":"Be\u015fikta\u015f, kafa gollerine engel olam\u0131yor!"},"content":{"rendered":"<div>Bu d\u00f6nem Be\u015fikta\u015f ba\u015f gollerinden \u00e7ok \u00e7ekti. Gaziantep FK ma\u00e7\u0131nda yine bir duran top ba\u015f gol\u00fc yiyen Be\u015fikta\u015f bu sezonki 8. ba\u015f gol\u00fcn\u00fc yemi\u015f oldu.<\/p>\n<p> Siyah-beyazl\u0131lar 2012-13, 2018- 19, 2022-23 d\u00f6nemlerinin akabinde bu y\u0131l da 8. kere kalesinden bir ba\u015f gol\u00fcn\u00fc \u00e7\u0131karmak zorunda kald\u0131.<\/p>\n<p> Son y\u0131llar\u0131n en fazla ba\u015f gol\u00fc yedi\u011fi d\u00f6nemlerinden birisini ya\u015fayan siyah-beyazl\u0131lar bir gol daha yerse t\u00fcm d\u00f6nemleri geride b\u0131rakacak.<\/p>\n<p> <strong>SOLSKJAER PER\u0130YODU \u0130LK<\/strong><\/p>\n<p> Be\u015fikta\u015f, Solskjaer ba\u015fa geldi\u011finden beri duran top problemini d\u00fczeltmi\u015f g\u00f6r\u00fcn\u00fcyordu lakin bu sorun yine Norve\u00e7li \u00e7al\u0131\u015ft\u0131r\u0131c\u0131n\u0131n periyodunda Gaziantep Fk ma\u00e7\u0131nda ger\u00e7ekle\u015fti.\u00a0<\/p>\n<\/div>\n","protected":false},"excerpt":{"rendered":"<p>Gaziantep FK&#8217;ya 2-1 yenilinen ma\u00e7ta Be\u015fikta\u015f bu sezonki 8. ba\u015f gol\u00fcn\u00fc kalesinde g\u00f6rd\u00fc.<\/p>\n","protected":false},"author":1,"featured_media":28053,"comment_status":"open","ping_status":"open","sticky":false,"template":"","format":"standard","meta":{"footnotes":""},"categories":[25],"tags":[77,766,57],"class_list":["post-28052","post","type-post","status-publish","format-standard","has-post-thumbnail","hentry","category-futbol","tag-gol","tag-kafa","tag-sezon"],"_links":{"self":[{"href":"https:\/\/haberbesiktas.tr\/index.php?rest_route=\/wp\/v2\/posts\/28052","targetHints":{"allow":["GET"]}}],"collection":[{"href":"https:\/\/haberbesiktas.tr\/index.php?rest_route=\/wp\/v2\/posts"}],"about":[{"href":"https:\/\/haberbesiktas.tr\/index.php?rest_route=\/wp\/v2\/types\/post"}],"author":[{"embeddable":true,"href":"https:\/\/haberbesiktas.tr\/index.php?rest_route=\/wp\/v2\/users\/1"}],"replies":[{"embeddable":true,"href":"https:\/\/haberbesiktas.tr\/index.php?rest_route=%2Fwp%2Fv2%2Fcomments&post=28052"}],"version-history":[{"count":1,"href":"https:\/\/haberbesiktas.tr\/index.php?rest_route=\/wp\/v2\/posts\/28052\/revisions"}],"predecessor-version":[{"id":28054,"href":"https:\/\/haberbesiktas.tr\/index.php?rest_route=\/wp\/v2\/posts\/28052\/revisions\/28054"}],"wp:featuredmedia":[{"embeddable":true,"href":"https:\/\/haberbesiktas.tr\/index.php?rest_route=\/wp\/v2\/media\/28053"}],"wp:attachment":[{"href":"https:\/\/haberbesiktas.tr\/index.php?rest_route=%2Fwp%2Fv2%2Fmedia&parent=28052"}],"wp:term":[{"taxonomy":"category","embeddable":true,"href":"https:\/\/haberbesiktas.tr\/index.php?rest_route=%2Fwp%2Fv2%2Fcategories&post=28052"},{"taxonomy":"post_tag","embeddable":true,"href":"https:\/\/haberbesiktas.tr\/index.php?rest_route=%2Fwp%2Fv2%2Ftags&post=28052"}],"curies":[{"name":"wp","href":"https:\/\/api.w.org\/{rel}","templated":true}]}}