{"id":28067,"date":"2025-05-08T18:36:18","date_gmt":"2025-05-08T18:36:18","guid":{"rendered":"https:\/\/haberbesiktas.tr\/?p=28067"},"modified":"2025-05-08T18:36:18","modified_gmt":"2025-05-08T18:36:18","slug":"irfan-can-kahveci-formayi-unuttu","status":"publish","type":"post","link":"https:\/\/haberbesiktas.tr\/?p=28067","title":{"rendered":"\u0130rfan Can Kahveci formay\u0131 unuttu"},"content":{"rendered":"<div>Fenerbah\u00e7e&#8217;de ge\u00e7en d\u00f6nem meslek d\u00f6nemi ya\u015fayan \u0130rfan Can Kahveci, bu d\u00f6nem fazla talih bulam\u0131yor.<\/p>\n<p> Morali bozuk olan deneyimli oyuncu, d\u00f6nemin son k\u0131sm\u0131na girilmesine kar\u015f\u0131n hala Jose Mourinho&#8217;nun istedi\u011fi d\u00fczeye gelemedi. \u0130rfan Can, Fenerbah\u00e7e ile yeni kontrat imzalam\u0131\u015ft\u0131.<\/p>\n<p><strong>OYUNCUNUN PERFORMANSI<\/p>\n<p><\/strong>Ge\u00e7en d\u00f6nem 18 gol 12 asist ile meslek d\u00f6nemini ya\u015fayan \u0130rfan Can, bu d\u00f6nem Mourinho&#8217;nun geli\u015fiyle birlikte birinci 11&#8217;deki yerini kaybetti. 32 defa forma baht\u0131 bulan oyuncu, bu ma\u00e7larda 1 gol ve 3 asistlik bir performans sergiledi.\u00a0<\/div>\n","protected":false},"excerpt":{"rendered":"<p>Ge\u00e7en d\u00f6nem meslek d\u00f6nemini ya\u015fayan \u0130rfan Can Kahveci, bu d\u00f6nem Jose Mourinho idaresinde forma baht\u0131 bulmakta zorlan\u0131yor.<\/p>\n","protected":false},"author":1,"featured_media":28068,"comment_status":"open","ping_status":"open","sticky":false,"template":"","format":"standard","meta":{"footnotes":""},"categories":[25],"tags":[57],"class_list":["post-28067","post","type-post","status-publish","format-standard","has-post-thumbnail","hentry","category-futbol","tag-sezon"],"_links":{"self":[{"href":"https:\/\/haberbesiktas.tr\/index.php?rest_route=\/wp\/v2\/posts\/28067","targetHints":{"allow":["GET"]}}],"collection":[{"href":"https:\/\/haberbesiktas.tr\/index.php?rest_route=\/wp\/v2\/posts"}],"about":[{"href":"https:\/\/haberbesiktas.tr\/index.php?rest_route=\/wp\/v2\/types\/post"}],"author":[{"embeddable":true,"href":"https:\/\/haberbesiktas.tr\/index.php?rest_route=\/wp\/v2\/users\/1"}],"replies":[{"embeddable":true,"href":"https:\/\/haberbesiktas.tr\/index.php?rest_route=%2Fwp%2Fv2%2Fcomments&post=28067"}],"version-history":[{"count":1,"href":"https:\/\/haberbesiktas.tr\/index.php?rest_route=\/wp\/v2\/posts\/28067\/revisions"}],"predecessor-version":[{"id":28069,"href":"https:\/\/haberbesiktas.tr\/index.php?rest_route=\/wp\/v2\/posts\/28067\/revisions\/28069"}],"wp:featuredmedia":[{"embeddable":true,"href":"https:\/\/haberbesiktas.tr\/index.php?rest_route=\/wp\/v2\/media\/28068"}],"wp:attachment":[{"href":"https:\/\/haberbesiktas.tr\/index.php?rest_route=%2Fwp%2Fv2%2Fmedia&parent=28067"}],"wp:term":[{"taxonomy":"category","embeddable":true,"href":"https:\/\/haberbesiktas.tr\/index.php?rest_route=%2Fwp%2Fv2%2Fcategories&post=28067"},{"taxonomy":"post_tag","embeddable":true,"href":"https:\/\/haberbesiktas.tr\/index.php?rest_route=%2Fwp%2Fv2%2Ftags&post=28067"}],"curies":[{"name":"wp","href":"https:\/\/api.w.org\/{rel}","templated":true}]}}