{"id":28082,"date":"2025-05-08T19:36:15","date_gmt":"2025-05-08T19:36:15","guid":{"rendered":"https:\/\/haberbesiktas.tr\/?p=28082"},"modified":"2025-05-08T19:36:15","modified_gmt":"2025-05-08T19:36:15","slug":"tadic-sahada-adim-atmadik-yer-birakmadi","status":"publish","type":"post","link":"https:\/\/haberbesiktas.tr\/?p=28082","title":{"rendered":"Tadic, sahada ad\u0131m atmad\u0131k yer b\u0131rakmad\u0131!"},"content":{"rendered":"<div>Fenerbah\u00e7e&#8217;nin 36 ya\u015f\u0131ndaki S\u0131rp y\u0131ld\u0131z\u0131 Dusan Tadic, performans\u0131yla dikkat \u00e7ekiyor.<\/p>\n<p> <strong>SAHADA ADIM ATMADIK YER BIRAKMADI<\/strong><\/p>\n<p> Ge\u00e7en d\u00f6nem yaln\u0131zca sol kanatta vazife yapan Dusan Tadic, bu d\u00f6nem Jose Mourinho&#8217;yla birlikte rakip yar\u0131 alanda ad\u0131m atmad\u0131k yer b\u0131rakmad\u0131.<\/p>\n<p> <strong>S\u00d6ZLE\u015eMES\u0130 B\u0130T\u0130YOR<\/strong><\/p>\n<p> Tadic&#8217;in performans\u0131 be\u011fenilse de mukavelesi d\u00f6nem sonunda bitiyor.<\/p>\n<p> <strong>97 MA\u00c7TA 27 GOL VE 31 AS\u0130ST<\/strong><\/p>\n<p> 2023 y\u0131l\u0131n\u0131n Temmuz ay\u0131nda Fenerbah\u00e7e tak\u0131m\u0131na dahil olan Dusan Tadic, Sar\u0131-Lacivertli formay\u0131 97 m\u00fcsabakada giyerek 27 gol, 31 asist yapma ba\u015far\u0131s\u0131 g\u00f6sterdi. S\u0131rp oyuncu i\u00e7in mesle\u011fi boyunca toplam 34 milyon 300 bin euroluk bonservis bedeli \u00f6dendi.\u00a0\u00a0<\/p>\n<div>\u00a0<\/div>\n<p> \u00a0<\/p>\n<\/div>\n","protected":false},"excerpt":{"rendered":"<p>Ge\u00e7en d\u00f6nem yaln\u0131zca sol kanatta vazife yapan Dusan Tadic, bu d\u00f6nem Jose Mourinho&#8217;yla birlikte rakip yar\u0131 alanda ad\u0131m atmad\u0131k yer b\u0131rakmad\u0131.<\/p>\n","protected":false},"author":1,"featured_media":28083,"comment_status":"open","ping_status":"open","sticky":false,"template":"","format":"standard","meta":{"footnotes":""},"categories":[25],"tags":[],"class_list":["post-28082","post","type-post","status-publish","format-standard","has-post-thumbnail","hentry","category-futbol"],"_links":{"self":[{"href":"https:\/\/haberbesiktas.tr\/index.php?rest_route=\/wp\/v2\/posts\/28082","targetHints":{"allow":["GET"]}}],"collection":[{"href":"https:\/\/haberbesiktas.tr\/index.php?rest_route=\/wp\/v2\/posts"}],"about":[{"href":"https:\/\/haberbesiktas.tr\/index.php?rest_route=\/wp\/v2\/types\/post"}],"author":[{"embeddable":true,"href":"https:\/\/haberbesiktas.tr\/index.php?rest_route=\/wp\/v2\/users\/1"}],"replies":[{"embeddable":true,"href":"https:\/\/haberbesiktas.tr\/index.php?rest_route=%2Fwp%2Fv2%2Fcomments&post=28082"}],"version-history":[{"count":1,"href":"https:\/\/haberbesiktas.tr\/index.php?rest_route=\/wp\/v2\/posts\/28082\/revisions"}],"predecessor-version":[{"id":28084,"href":"https:\/\/haberbesiktas.tr\/index.php?rest_route=\/wp\/v2\/posts\/28082\/revisions\/28084"}],"wp:featuredmedia":[{"embeddable":true,"href":"https:\/\/haberbesiktas.tr\/index.php?rest_route=\/wp\/v2\/media\/28083"}],"wp:attachment":[{"href":"https:\/\/haberbesiktas.tr\/index.php?rest_route=%2Fwp%2Fv2%2Fmedia&parent=28082"}],"wp:term":[{"taxonomy":"category","embeddable":true,"href":"https:\/\/haberbesiktas.tr\/index.php?rest_route=%2Fwp%2Fv2%2Fcategories&post=28082"},{"taxonomy":"post_tag","embeddable":true,"href":"https:\/\/haberbesiktas.tr\/index.php?rest_route=%2Fwp%2Fv2%2Ftags&post=28082"}],"curies":[{"name":"wp","href":"https:\/\/api.w.org\/{rel}","templated":true}]}}