{"id":28085,"date":"2025-05-08T19:48:17","date_gmt":"2025-05-08T19:48:17","guid":{"rendered":"https:\/\/haberbesiktas.tr\/?p=28085"},"modified":"2025-05-08T19:48:17","modified_gmt":"2025-05-08T19:48:17","slug":"ismail-yukseke-fransadan-talip","status":"publish","type":"post","link":"https:\/\/haberbesiktas.tr\/?p=28085","title":{"rendered":"\u0130smail Y\u00fcksek&#8217;e Fransa&#8217;dan talip!"},"content":{"rendered":"<div>Jose Mourinho idaresinde fazla talih bulamayan isimlerden olan \u0130smail Y\u00fcksek&#8217;e Fransa&#8217;dan yeni talipler var.<\/p>\n<p><strong>3 KUL\u00dcP \u0130ZL\u0130YOR<\/strong><\/p>\n<p>\u0130smail Y\u00fcksek i\u00e7in Ka\u00e7, Lens ve Brest&#8217;in nab\u0131z yoklad\u0131\u011f\u0131 ortaya \u00e7\u0131kt\u0131.<\/p>\n<p> Ge\u00e7en d\u00f6nem Lyon&#8217;un teklifini kabul etmeyen \u0130smail&#8217;in d\u00f6nem sonunda Fenerbah\u00e7e&#8217;den ayr\u0131lmak ve mesle\u011fine Avrupa&#8217;da devam etmek istedi\u011fi belirtildi.<\/p>\n<p><strong>PERFORMANSI<\/strong><\/p>\n<p>Bu d\u00f6nem birinci 11&#8217;deki yerini kaybeden 26 ya\u015f\u0131ndaki orta saha, 23 ma\u00e7a \u00e7\u0131kt\u0131 gol yahut asist katk\u0131s\u0131 vermedi.<\/p><\/div>\n","protected":false},"excerpt":{"rendered":"<p>Jose Mourinho idaresinde formas\u0131n\u0131 kaybeden \u0130smail Y\u00fcksek&#8217;e Fransa&#8217;dan talipler oldu\u011fu s\u00f6ylendi. Oyuncu i\u00e7in Bir\u00e7ok, Lens ve Brest&#8217;in nab\u0131z yoklad\u0131\u011f\u0131 aktar\u0131ld\u0131.<\/p>\n","protected":false},"author":1,"featured_media":28086,"comment_status":"open","ping_status":"open","sticky":false,"template":"","format":"standard","meta":{"footnotes":""},"categories":[25],"tags":[],"class_list":["post-28085","post","type-post","status-publish","format-standard","has-post-thumbnail","hentry","category-futbol"],"_links":{"self":[{"href":"https:\/\/haberbesiktas.tr\/index.php?rest_route=\/wp\/v2\/posts\/28085","targetHints":{"allow":["GET"]}}],"collection":[{"href":"https:\/\/haberbesiktas.tr\/index.php?rest_route=\/wp\/v2\/posts"}],"about":[{"href":"https:\/\/haberbesiktas.tr\/index.php?rest_route=\/wp\/v2\/types\/post"}],"author":[{"embeddable":true,"href":"https:\/\/haberbesiktas.tr\/index.php?rest_route=\/wp\/v2\/users\/1"}],"replies":[{"embeddable":true,"href":"https:\/\/haberbesiktas.tr\/index.php?rest_route=%2Fwp%2Fv2%2Fcomments&post=28085"}],"version-history":[{"count":1,"href":"https:\/\/haberbesiktas.tr\/index.php?rest_route=\/wp\/v2\/posts\/28085\/revisions"}],"predecessor-version":[{"id":28087,"href":"https:\/\/haberbesiktas.tr\/index.php?rest_route=\/wp\/v2\/posts\/28085\/revisions\/28087"}],"wp:featuredmedia":[{"embeddable":true,"href":"https:\/\/haberbesiktas.tr\/index.php?rest_route=\/wp\/v2\/media\/28086"}],"wp:attachment":[{"href":"https:\/\/haberbesiktas.tr\/index.php?rest_route=%2Fwp%2Fv2%2Fmedia&parent=28085"}],"wp:term":[{"taxonomy":"category","embeddable":true,"href":"https:\/\/haberbesiktas.tr\/index.php?rest_route=%2Fwp%2Fv2%2Fcategories&post=28085"},{"taxonomy":"post_tag","embeddable":true,"href":"https:\/\/haberbesiktas.tr\/index.php?rest_route=%2Fwp%2Fv2%2Ftags&post=28085"}],"curies":[{"name":"wp","href":"https:\/\/api.w.org\/{rel}","templated":true}]}}