{"id":28088,"date":"2025-05-08T20:00:16","date_gmt":"2025-05-08T20:00:16","guid":{"rendered":"https:\/\/haberbesiktas.tr\/?p=28088"},"modified":"2025-05-08T20:00:16","modified_gmt":"2025-05-08T20:00:16","slug":"mecnun-otyakmazdan-besiktasin-basvurusu-icin-cevap","status":"publish","type":"post","link":"https:\/\/haberbesiktas.tr\/?p=28088","title":{"rendered":"Mecnun Otyakmaz&#8217;dan Be\u015fikta\u015f&#8217;\u0131n ba\u015fvurusu i\u00e7in cevap"},"content":{"rendered":"<div>T\u00fcrkiye Futbol Federasyonu (TFF) Lider Vekili Mecnun Otyakmaz, bilhassa Be\u015fikta\u015f Kul\u00fcb\u00fc&#8217;n\u00fcn derbilerin hakemlerinin yabanc\u0131 hakem taraf\u0131ndan y\u00f6netilmesi iste\u011fi \u00fczerine gelen soruya kar\u015f\u0131l\u0131k verdi.<\/p>\n<p>TFF 1&#8217;inci Ba\u015fkan Vekili, \u0130cra Kurulu \u00dcyesi ve Muhte\u015fem Lig&#8217;den Sorumlu Y\u00f6netim Kurulu \u00dcyesi Mecnun Otyakmaz, bir sponsorluk imza merasimin akabinde futbol kamuoyunun merakla bekledi\u011fi &#8216;<strong>Derbi hakemleri yabanc\u0131 m\u0131 olacak, yerli mi?<\/strong>&#8216; konusunda bas\u0131n mensuplar\u0131n\u0131n sorular\u0131na k\u0131sa bir kar\u015f\u0131l\u0131k verdi.<\/p>\n<p> Mecnun Otyakmaz &#8220;<strong>Hakemler konusunda netle\u015fen bir \u015fey yok. Y\u00f6netim kurulu olarak \u015fimdi bir karar almad\u0131k<\/strong>&#8221; a\u00e7\u0131klamas\u0131yla yetinerek bas\u0131n mensuplar\u0131n\u0131n yan\u0131ndan ayr\u0131ld\u0131.<\/p>\n<p> Son periyotta bilhassa Be\u015fikta\u015f Kul\u00fcb\u00fc&#8217;n\u00fcn bu hususta resmi ba\u015fvurusu bulunuyor. TFF&#8217;nin bu m\u00fcracaata nas\u0131l bir karar verece\u011fi merakla bekleniyor.<\/p>\n<p> \u00a0<\/p>\n<\/div>\n","protected":false},"excerpt":{"rendered":"<p>T\u00fcrkiye Futbol Federasyonu Lider Vekili Mecnun Otyakmaz, Be\u015fikta\u015f&#8217;\u0131n yabanc\u0131 hakem talebi i\u00e7in konu\u015ftu.<\/p>\n","protected":false},"author":1,"featured_media":28089,"comment_status":"open","ping_status":"open","sticky":false,"template":"","format":"standard","meta":{"footnotes":""},"categories":[25],"tags":[],"class_list":["post-28088","post","type-post","status-publish","format-standard","has-post-thumbnail","hentry","category-futbol"],"_links":{"self":[{"href":"https:\/\/haberbesiktas.tr\/index.php?rest_route=\/wp\/v2\/posts\/28088","targetHints":{"allow":["GET"]}}],"collection":[{"href":"https:\/\/haberbesiktas.tr\/index.php?rest_route=\/wp\/v2\/posts"}],"about":[{"href":"https:\/\/haberbesiktas.tr\/index.php?rest_route=\/wp\/v2\/types\/post"}],"author":[{"embeddable":true,"href":"https:\/\/haberbesiktas.tr\/index.php?rest_route=\/wp\/v2\/users\/1"}],"replies":[{"embeddable":true,"href":"https:\/\/haberbesiktas.tr\/index.php?rest_route=%2Fwp%2Fv2%2Fcomments&post=28088"}],"version-history":[{"count":1,"href":"https:\/\/haberbesiktas.tr\/index.php?rest_route=\/wp\/v2\/posts\/28088\/revisions"}],"predecessor-version":[{"id":28090,"href":"https:\/\/haberbesiktas.tr\/index.php?rest_route=\/wp\/v2\/posts\/28088\/revisions\/28090"}],"wp:featuredmedia":[{"embeddable":true,"href":"https:\/\/haberbesiktas.tr\/index.php?rest_route=\/wp\/v2\/media\/28089"}],"wp:attachment":[{"href":"https:\/\/haberbesiktas.tr\/index.php?rest_route=%2Fwp%2Fv2%2Fmedia&parent=28088"}],"wp:term":[{"taxonomy":"category","embeddable":true,"href":"https:\/\/haberbesiktas.tr\/index.php?rest_route=%2Fwp%2Fv2%2Fcategories&post=28088"},{"taxonomy":"post_tag","embeddable":true,"href":"https:\/\/haberbesiktas.tr\/index.php?rest_route=%2Fwp%2Fv2%2Ftags&post=28088"}],"curies":[{"name":"wp","href":"https:\/\/api.w.org\/{rel}","templated":true}]}}