{"id":2810,"date":"2025-01-11T16:30:43","date_gmt":"2025-01-11T16:30:43","guid":{"rendered":"https:\/\/haberbesiktas.tr\/?p=2810"},"modified":"2025-01-11T16:30:43","modified_gmt":"2025-01-11T16:30:43","slug":"kupa-galibiyeti-trabzonspora-moral-oldu","status":"publish","type":"post","link":"https:\/\/haberbesiktas.tr\/?p=2810","title":{"rendered":"Kupa galibiyeti, Trabzonspor&#8217;a moral oldu"},"content":{"rendered":"<div>S\u00fcper Lig&#8217;de birinci yar\u0131da bir t\u00fcrl\u00fc istenen performans\u0131 sergileyemeyen ve alt s\u0131ralara demirleyen Trabzonspor&#8217;da kupa ser\u00fcvenine galibiyetle ba\u015flanmas\u0131 moral oldu. <\/p>\n<p>Ziraat T\u00fcrkiye Kupas\u0131 A K\u00fcmesi birinci ma\u00e7\u0131nda alan\u0131nda a\u011f\u0131rlad\u0131\u011f\u0131 Alanyaspor&#8217;u 3-0 ma\u011flup eden bordo-mavililer, bu galibiyetle rahat nefes ald\u0131.<\/p>\n<p> Muhte\u015fem Lig&#8217;in 19&#8217;uncu hafta ma\u00e7\u0131nda alan\u0131nda Antalyaspor ile kar\u015f\u0131la\u015facak olan Karadeniz grubunda, al\u0131nan galibiyetle y\u00fczler g\u00fcld\u00fc. Trabzonspor, T\u00fcrkiye Kupas\u0131&#8217;nda kalan ma\u00e7lar\u0131n\u0131 \u0130skenderunspor ve Rizespor ile yapacak.<\/p>\n<p><img decoding=\"async\" src=\"https:\/\/haberbesiktas.tr\/wp-content\/uploads\/2025\/01\/kupa-galibiyeti-trabzonspora-moral-oldu-0-zrFW6Tqt.jpg\"\/><\/p>\n<p> <strong>YEREL BASIN MAN\u015eETLER\u0130<\/strong><\/p>\n<p> \u00d6te yandan kentte yay\u0131n yapan mahall\u00ee bas\u0131n, bordo-mavili kadronun Kupa&#8217;da ald\u0131\u011f\u0131 galibiyeti farkl\u0131 ba\u015fl\u0131klarla man\u015fetlerine ta\u015f\u0131d\u0131.<\/p>\n<p> Sonnokta: F\u0131rt\u0131na Kupada g\u00fcld\u00fc<\/p>\n<p> G\u00fcnebak\u0131\u015f: Trabzon&#8217;a Kupa morali<\/p>\n<p> Ekspres: 10&#8217;a Kafay\u0131 takt\u0131k<\/p>\n<p> Karadeniz: Nwakaeme girdi f\u0131rt\u0131na koptu<\/p>\n<p> Taka: F\u0131rt\u0131na Kupa&#8217;da co\u015ftu\u00a0<\/p>\n<\/div>\n","protected":false},"excerpt":{"rendered":"<p>Trabzonspor, Ziraat T\u00fcrkiye Kupas\u0131 A K\u00fcmesi birinci ma\u00e7\u0131nda alan\u0131nda Alanyaspor&#8217;u 3-0 ma\u011flup ederek, ligde arad\u0131\u011f\u0131 morali kupada buldu.<\/p>\n","protected":false},"author":1,"featured_media":2811,"comment_status":"open","ping_status":"open","sticky":false,"template":"","format":"standard","meta":{"footnotes":""},"categories":[25],"tags":[120],"class_list":["post-2810","post","type-post","status-publish","format-standard","has-post-thumbnail","hentry","category-futbol","tag-kupa"],"_links":{"self":[{"href":"https:\/\/haberbesiktas.tr\/index.php?rest_route=\/wp\/v2\/posts\/2810","targetHints":{"allow":["GET"]}}],"collection":[{"href":"https:\/\/haberbesiktas.tr\/index.php?rest_route=\/wp\/v2\/posts"}],"about":[{"href":"https:\/\/haberbesiktas.tr\/index.php?rest_route=\/wp\/v2\/types\/post"}],"author":[{"embeddable":true,"href":"https:\/\/haberbesiktas.tr\/index.php?rest_route=\/wp\/v2\/users\/1"}],"replies":[{"embeddable":true,"href":"https:\/\/haberbesiktas.tr\/index.php?rest_route=%2Fwp%2Fv2%2Fcomments&post=2810"}],"version-history":[{"count":1,"href":"https:\/\/haberbesiktas.tr\/index.php?rest_route=\/wp\/v2\/posts\/2810\/revisions"}],"predecessor-version":[{"id":2813,"href":"https:\/\/haberbesiktas.tr\/index.php?rest_route=\/wp\/v2\/posts\/2810\/revisions\/2813"}],"wp:featuredmedia":[{"embeddable":true,"href":"https:\/\/haberbesiktas.tr\/index.php?rest_route=\/wp\/v2\/media\/2811"}],"wp:attachment":[{"href":"https:\/\/haberbesiktas.tr\/index.php?rest_route=%2Fwp%2Fv2%2Fmedia&parent=2810"}],"wp:term":[{"taxonomy":"category","embeddable":true,"href":"https:\/\/haberbesiktas.tr\/index.php?rest_route=%2Fwp%2Fv2%2Fcategories&post=2810"},{"taxonomy":"post_tag","embeddable":true,"href":"https:\/\/haberbesiktas.tr\/index.php?rest_route=%2Fwp%2Fv2%2Ftags&post=2810"}],"curies":[{"name":"wp","href":"https:\/\/api.w.org\/{rel}","templated":true}]}}