{"id":2814,"date":"2025-01-11T16:42:44","date_gmt":"2025-01-11T16:42:44","guid":{"rendered":"https:\/\/haberbesiktas.tr\/?p=2814"},"modified":"2025-01-11T16:42:44","modified_gmt":"2025-01-11T16:42:44","slug":"karsiyakada-alkislar-gultekine","status":"publish","type":"post","link":"https:\/\/haberbesiktas.tr\/?p=2814","title":{"rendered":"Kar\u015f\u0131yaka&#8217;da alk\u0131\u015flar G\u00fcltekin&#8217;e"},"content":{"rendered":"<div>Tarihinin mali olarak en k\u00fclfetli periyotlar\u0131ndan ge\u00e7en Kar\u015f\u0131yaka Spor Kul\u00fcb\u00fc, Basketbol S\u00fcper Lig ve \u015eampiyonlar Ligi&#8217;nde sponsor kriziyle da\u011f\u0131lan basket grubuna konsantre olmu\u015fken, TFF 3&#8217;\u00fcnc\u00fc Lig 1&#8217;inci K\u00fcme&#8217;de tepe yar\u0131\u015f\u0131 veren futbol tak\u0131m\u0131nda \u015eube Ba\u015fkan\u0131 Ayhan G\u00fcltekin aylard\u0131r tek ba\u015f\u0131na sava\u015f veriyor.<\/p>\n<p> D\u00f6nem ba\u015f\u0131nda Futbol \u015eube Ba\u015fkan\u0131 G\u00f6khan \u015eensan&#8217;\u0131n davetiyle \u015fube idaresine d\u00f6nen Ayhan G\u00fcltekin, \u015eensan&#8217;\u0131n 29 Ekim&#8217;de ani geli\u015fen rahats\u0131zl\u0131\u011f\u0131yla vefat edip kadrosu ve camiay\u0131 yasa bo\u011fmas\u0131yla tek kald\u0131. G\u00f6khan \u015eensan&#8217;\u0131n vefat\u0131 sonras\u0131 istifalarla d\u00fc\u015fen idare da\u011f\u0131l\u0131p aral\u0131k ay\u0131nda yap\u0131lan iki harika kongrede zahmetle son anda \u00e7\u0131kar\u0131lan liste de hala imza yetkisi alamazken, bayra\u011f\u0131 \u015eensan&#8217;dan devralan G\u00fcltekin, yakla\u015f\u0131k 3 ayd\u0131r Ziyanur Hasbay ve Ahmet Yimsek&#8217;le birlikte grubu ayakta tutmaya \u00e7al\u0131\u015f\u0131yor.<\/p>\n<p> 24 Aral\u0131k&#8217;taki son kongrenin akabinde 1 milyon TL ba\u011f\u0131\u015f yaparak, birinci yar\u0131da G\u00f6khan \u015eensan vefat edene kadar 8 ma\u00e7ta 7 galibiyetle nama\u011flup \u00f6nder olup akabinde ya\u015fad\u0131\u011f\u0131 d\u00fc\u015f\u00fc\u015fle devreyi Play-Off \u00e7izgisinde \u00fc\u00e7\u00fcnc\u00fc kapatan futbol ekibinin da\u011f\u0131lmamas\u0131 i\u00e7in, &#8220;\u015eimdi sahip \u00e7\u0131kma zaman\u0131&#8221; kampanyas\u0131n\u0131 ba\u015flatan Ayhan G\u00fcltekin, d\u00f6nem ba\u015f\u0131ndan beri reklam takviyesi, ba\u011f\u0131\u015f, tesislere erzak ve deplasman masraf\u0131 olarak kul\u00fcbe 6.5 milyon TL kar\u015f\u0131l\u0131ks\u0131z kaynak aktard\u0131. Alacaklar\u0131 i\u00e7in Futbol Federasyonu kanal\u0131yla kul\u00fcbe ihtar \u00e7eken 4 futbolcunun h\u00fcr kalmak \u00fczere oldu\u011fu, kul\u00fcpte ya\u015fanan kaos nedeniyle toplam 13 ismin ayr\u0131lmak istedi\u011finin \u00f6\u011frenildi\u011fi ye\u015fil-k\u0131rm\u0131z\u0131l\u0131larda Ayhan G\u00fcltekin \u00f6demelerin yap\u0131labilmesi i\u00e7in ge\u00e7en hafta toplulu\u011fa, &#8220;Bug\u00fcn de\u011filse ne vakit? \u00d6b\u00fcr Kar\u015f\u0131yaka yok, gelin el ele vererek kul\u00fcb\u00fcm\u00fcze sahip \u00e7\u0131kal\u0131m&#8221; daveti yapm\u0131\u015ft\u0131.<\/p>\n<\/div>\n","protected":false},"excerpt":{"rendered":"<p>TFF 3&#8217;\u00fcnc\u00fc Lig 1&#8217;inci K\u00fcme&#8217;de tepe yar\u0131\u015f\u0131 veren futbol tak\u0131m\u0131nda \u015eube Ba\u015fkan\u0131 Ayhan G\u00fcltekin aylard\u0131r tek ba\u015f\u0131na sava\u015f veriyor.<\/p>\n","protected":false},"author":1,"featured_media":2815,"comment_status":"open","ping_status":"open","sticky":false,"template":"","format":"standard","meta":{"footnotes":""},"categories":[25],"tags":[172,330,329],"class_list":["post-2814","post","type-post","status-publish","format-standard","has-post-thumbnail","hentry","category-futbol","tag-futbol","tag-gultekin","tag-takimi"],"_links":{"self":[{"href":"https:\/\/haberbesiktas.tr\/index.php?rest_route=\/wp\/v2\/posts\/2814","targetHints":{"allow":["GET"]}}],"collection":[{"href":"https:\/\/haberbesiktas.tr\/index.php?rest_route=\/wp\/v2\/posts"}],"about":[{"href":"https:\/\/haberbesiktas.tr\/index.php?rest_route=\/wp\/v2\/types\/post"}],"author":[{"embeddable":true,"href":"https:\/\/haberbesiktas.tr\/index.php?rest_route=\/wp\/v2\/users\/1"}],"replies":[{"embeddable":true,"href":"https:\/\/haberbesiktas.tr\/index.php?rest_route=%2Fwp%2Fv2%2Fcomments&post=2814"}],"version-history":[{"count":1,"href":"https:\/\/haberbesiktas.tr\/index.php?rest_route=\/wp\/v2\/posts\/2814\/revisions"}],"predecessor-version":[{"id":2816,"href":"https:\/\/haberbesiktas.tr\/index.php?rest_route=\/wp\/v2\/posts\/2814\/revisions\/2816"}],"wp:featuredmedia":[{"embeddable":true,"href":"https:\/\/haberbesiktas.tr\/index.php?rest_route=\/wp\/v2\/media\/2815"}],"wp:attachment":[{"href":"https:\/\/haberbesiktas.tr\/index.php?rest_route=%2Fwp%2Fv2%2Fmedia&parent=2814"}],"wp:term":[{"taxonomy":"category","embeddable":true,"href":"https:\/\/haberbesiktas.tr\/index.php?rest_route=%2Fwp%2Fv2%2Fcategories&post=2814"},{"taxonomy":"post_tag","embeddable":true,"href":"https:\/\/haberbesiktas.tr\/index.php?rest_route=%2Fwp%2Fv2%2Ftags&post=2814"}],"curies":[{"name":"wp","href":"https:\/\/api.w.org\/{rel}","templated":true}]}}